{"id":4951,"date":"2022-05-01T09:00:20","date_gmt":"2022-05-01T07:00:20","guid":{"rendered":"https:\/\/www.oceanvacances.com\/?p=4951"},"modified":"2025-11-21T12:09:11","modified_gmt":"2025-11-21T11:09:11","slug":"a-violin-on-the-sand","status":"publish","type":"post","link":"https:\/\/www.oceanvacances.com\/en\/a-violin-on-the-sand\/","title":{"rendered":"A Violin on the Sand in Royan"},"content":{"rendered":"<p>A <strong>symphony orchestra<\/strong> and <strong>musicians <\/strong>on the <strong>sand<\/strong>... Des <strong>internationally renowned soloists<\/strong> on the edge of a cliff... A <strong>music-loving public <\/strong>sometimes set up 5 hours before a recital with a breathtaking view of <strong>Atlantic Ocean<\/strong>... During your stay at <a href=\"\/en\/camping-royan\/\">camping in Royan<\/a>, Come and discover this magnificent show with your feet in the water. From <strong>organisers <\/strong>that reinvent classical concert halls and take audiences on a voyage of discovery through the world of music. <a href=\"\/en\/camping-charente-maritime\/\">Charente-Maritime<\/a>... This is by no means fiction! Head for the <strong>fine sand beach <\/strong>of the <strong>Grande Conche \u00e0 <a href=\"\/en\/holidays-in-royan\/\">Royan<\/a><\/strong> and the surrounding area.<\/p>\n<h2>A Violin in the Sand<\/h2>\n<p>More than a <strong>an internationally renowned music festival<\/strong>, <strong>A Violin in the Sand<\/strong> is a brand new concept. It's the place to be for lovers of <strong>classical music<\/strong> and <strong>lyrical<\/strong> since 1987. On the programme for each edition, <strong>3 major concerts<\/strong>, appointments <strong>bold<\/strong> who are bringing out the classic <a href=\"\/en\/blog\/the-beaches-of-royan\/\"><strong>Royan beach<\/strong><\/a>. Evenings marked by <strong>the excellence of the performers<\/strong> of virtuoso pieces <strong>heterogeneous<\/strong>. A programme <strong>enigmatic<\/strong> traditionally unveiled a few days before the first evening. Mozart can be heard alongside Verdi, jazz, variety and medleys (film music, Beatles...).<\/p>\n<p>It's a meeting place for a sometimes neophyte audience with <strong>soloists <\/strong>and the biggest <strong>classic stars<\/strong>. Singers, instrumentalists and dancers share the stage, accompanied by 75 to 80 musicians, most of them from the Paris Opera. The ensemble is directed by J\u00e9r\u00f4me Pillement, who invites the audience to live each moment to the full and presents the works with historical anecdotes. Moments of complete fusion shared each evening by between 30,000 and 50,000 mesmerised spectators from all over the world. After a three-year enforced absence due to the pandemic, the notes of music will once again resound on the beach and in the surrounding area.<\/p>\n<p><iframe loading=\"lazy\" title=\"YouTube video player\" src=\"https:\/\/www.youtube.com\/embed\/gLOcIroDeSM\" width=\"100%\" height=\"315\" frameborder=\"0\" allowfullscreen=\"allowfullscreen\"><span data-mce-type=\"bookmark\" style=\"display: inline-block; width: 0px; overflow: hidden; line-height: 0;\" class=\"mce_SELRES_start\"><\/span><\/iframe><\/p>\n<h2>A Violin in the City<\/h2>\n<p>Festival off, off the beach, <strong>A Violin in the City<\/strong> was born in 2012, 25 years after its famous predecessor <strong>A Violin on the Beach<\/strong>. Since then, the festival has spread throughout the Royannais region, much to the delight of spectators. The programme includes a dozen <strong>intimate events<\/strong> and <strong>unusual concerts<\/strong> in <strong>unusual places<\/strong> or <strong>steeped in history<\/strong>. The result will be memorable musical encounters with renowned artists. For the organisers, <strong>everything is possible<\/strong> And <strong>each edition surpasses the last<\/strong> ! Which secret ch\u00e2teau will be the setting for a forthcoming concert? Will the pianos return to the cliffs of Talmont-sur-Gironde for a recital? Will the star dancers return to the golf course at <a href=\"\/en\/camping-saint-palais-sur-mer\/\">Saint-Palais-sur-Mer<\/a> in the heart of the Coubre pine forest? Will gospel resonate on the Gallo-Roman site of Le F\u00e2 in Barzan? After the Garden Tennis courts, what will the stage be for 4 Hands? Visit <a href=\"https:\/\/www.violonsurlesable.com\/programme\/programme-off\" target=\"_blank\" rel=\"noopener\">programme<\/a> varies each year and the <strong>the 2022 edition<\/strong> which will <strong>unveiled in June<\/strong> will be <strong>breathtaking and full of surprises<\/strong>.<\/p>\n<h2>Practical information<\/h2>\n<p>The shows are mainly <strong>free of charge<\/strong> and postponed until the following day in case of bad weather.<\/p>\n<ul>\n<li>La <strong>35th edition<\/strong> d\u2019<strong>A Violin in the Sand<\/strong> will be held on <strong>23, 26 and 29 July 2022<\/strong>, on the beach at Royan. The <strong>concerts<\/strong><strong> start at 10 pm<\/strong> but it is advisable to arrive before 6pm. The organisers will be providing grandstands for spectators wishing to set up at the last minute. <a style=\"color: #0563c1; text-decoration: underline;\" href=\"https:\/\/www.violonsurlesable.com\/billeterie\/billetterie\" target=\"_blank\" rel=\"noopener\">Numbered seat reservations<\/a> (\u20ac30) from 3 May.<\/li>\n<li><strong>A Violin in the City<\/strong> will take place from <strong>20 to 30 July 2022 <\/strong>in and around Royan, a seaside resort classified as a \u00abTown of Art and History\u00bb.<\/li>\n<\/ul>\n<p>Why not take advantage of this musical event to extend your holiday by <strong>Charente-Maritime<\/strong> ? <a style=\"color: #0563c1; text-decoration: underline;\" href=\"\/en\/\" target=\"_blank\" rel=\"noopener\"><strong>Oc\u00e9an Vacances<\/strong><\/a> about 10 km from Royan, offers you an unforgettable <strong>stay<\/strong> <strong>4* unforgettable<\/strong>. Relax to the rhythm of the waves and the sound of the breeze in the trees of the Suzac forest estate.<\/p>","protected":false},"excerpt":{"rendered":"<p>Un orchestre symphonique et des musiciens en queues-de-pie sur le sable\u2026 Des solistes de renomm\u00e9e internationale au bord d\u2019une falaise\u2026 Un public m\u00e9lomane install\u00e9 parfois 5 heures avant un r\u00e9cital avec vue imprenable sur l&rsquo;Oc\u00e9an Atlantique\u2026 Lors de votre s\u00e9jour au camping \u00e0 Royan, venez d\u00e9couvrir ce magnifique show, les pieds dans l&rsquo;eau. Des organisateurs&#8230;<\/p>","protected":false},"author":11,"featured_media":4954,"comment_status":"closed","ping_status":"closed","sticky":false,"template":"","format":"standard","meta":{"_acf_changed":false,"inline_featured_image":false,"footnotes":""},"categories":[1],"tags":[],"class_list":["post-4951","post","type-post","status-publish","format-standard","has-post-thumbnail","hentry","category-blog"],"acf":[],"yoast_head":"<!-- This site is optimized with the Yoast SEO plugin v27.5 - https:\/\/yoast.com\/product\/yoast-seo-wordpress\/ -->\n<title>Ev\u00e9nement Royan | Un Violon sur le Sable et son orchestre symphonique<\/title>\n<meta name=\"description\" content=\"Un Violon sur le Sable est un festival de musique de renomm\u00e9e internationale qui se d\u00e9roule chaque ann\u00e9e sur la plage \u00e0 Royan.\" \/>\n<meta name=\"robots\" content=\"index, follow, max-snippet:-1, max-image-preview:large, max-video-preview:-1\" \/>\n<link rel=\"canonical\" href=\"https:\/\/www.oceanvacances.com\/en\/a-violin-on-the-sand\/\" \/>\n<meta property=\"og:locale\" content=\"en_GB\" \/>\n<meta property=\"og:type\" content=\"article\" \/>\n<meta property=\"og:title\" content=\"Ev\u00e9nement Royan | Un Violon sur le Sable et son orchestre symphonique\" \/>\n<meta property=\"og:description\" content=\"Un Violon sur le Sable est un festival de musique de renomm\u00e9e internationale qui se d\u00e9roule chaque ann\u00e9e sur la plage \u00e0 Royan.\" \/>\n<meta property=\"og:url\" content=\"https:\/\/www.oceanvacances.com\/en\/a-violin-on-the-sand\/\" \/>\n<meta property=\"og:site_name\" content=\"Oc\u00e9an Vacances\" \/>\n<meta property=\"article:publisher\" content=\"https:\/\/www.facebook.com\/oceanvacances\/\" \/>\n<meta property=\"article:published_time\" content=\"2022-05-01T07:00:20+00:00\" \/>\n<meta property=\"article:modified_time\" content=\"2025-11-21T11:09:11+00:00\" \/>\n<meta property=\"og:image\" content=\"https:\/\/www.oceanvacances.com\/wp-content\/uploads\/2022\/04\/violon-sur-le-sable.png\" \/>\n\t<meta property=\"og:image:width\" content=\"942\" \/>\n\t<meta property=\"og:image:height\" content=\"582\" \/>\n\t<meta property=\"og:image:type\" content=\"image\/png\" \/>\n<meta name=\"author\" content=\"sophie\" \/>\n<meta name=\"twitter:card\" content=\"summary_large_image\" \/>\n<meta name=\"twitter:label1\" content=\"Written by\" \/>\n\t<meta name=\"twitter:data1\" content=\"sophie\" \/>\n\t<meta name=\"twitter:label2\" content=\"Estimated reading time\" \/>\n\t<meta name=\"twitter:data2\" content=\"4 minutes\" \/>\n<script type=\"application\/ld+json\" class=\"yoast-schema-graph\">{\"@context\":\"https:\\\/\\\/schema.org\",\"@graph\":[{\"@type\":\"Article\",\"@id\":\"https:\\\/\\\/www.oceanvacances.com\\\/un-violon-sur-le-sable\\\/#article\",\"isPartOf\":{\"@id\":\"https:\\\/\\\/www.oceanvacances.com\\\/un-violon-sur-le-sable\\\/\"},\"author\":{\"name\":\"sophie\",\"@id\":\"https:\\\/\\\/www.oceanvacances.com\\\/#\\\/schema\\\/person\\\/4d3ca0e4558571a23fefb754071884c8\"},\"headline\":\"Un Violon sur le Sable \u00e0 Royan\",\"datePublished\":\"2022-05-01T07:00:20+00:00\",\"dateModified\":\"2025-11-21T11:09:11+00:00\",\"mainEntityOfPage\":{\"@id\":\"https:\\\/\\\/www.oceanvacances.com\\\/un-violon-sur-le-sable\\\/\"},\"wordCount\":676,\"publisher\":{\"@id\":\"https:\\\/\\\/www.oceanvacances.com\\\/#organization\"},\"image\":{\"@id\":\"https:\\\/\\\/www.oceanvacances.com\\\/un-violon-sur-le-sable\\\/#primaryimage\"},\"thumbnailUrl\":\"https:\\\/\\\/www.oceanvacances.com\\\/wp-content\\\/uploads\\\/2022\\\/04\\\/violon-sur-le-sable.png\",\"articleSection\":[\"Blog\"],\"inLanguage\":\"en-GB\"},{\"@type\":\"WebPage\",\"@id\":\"https:\\\/\\\/www.oceanvacances.com\\\/un-violon-sur-le-sable\\\/\",\"url\":\"https:\\\/\\\/www.oceanvacances.com\\\/un-violon-sur-le-sable\\\/\",\"name\":\"Ev\u00e9nement Royan | Un Violon sur le Sable et son orchestre symphonique\",\"isPartOf\":{\"@id\":\"https:\\\/\\\/www.oceanvacances.com\\\/#website\"},\"primaryImageOfPage\":{\"@id\":\"https:\\\/\\\/www.oceanvacances.com\\\/un-violon-sur-le-sable\\\/#primaryimage\"},\"image\":{\"@id\":\"https:\\\/\\\/www.oceanvacances.com\\\/un-violon-sur-le-sable\\\/#primaryimage\"},\"thumbnailUrl\":\"https:\\\/\\\/www.oceanvacances.com\\\/wp-content\\\/uploads\\\/2022\\\/04\\\/violon-sur-le-sable.png\",\"datePublished\":\"2022-05-01T07:00:20+00:00\",\"dateModified\":\"2025-11-21T11:09:11+00:00\",\"description\":\"Un Violon sur le Sable est un festival de musique de renomm\u00e9e internationale qui se d\u00e9roule chaque ann\u00e9e sur la plage \u00e0 Royan.\",\"breadcrumb\":{\"@id\":\"https:\\\/\\\/www.oceanvacances.com\\\/un-violon-sur-le-sable\\\/#breadcrumb\"},\"inLanguage\":\"en-GB\",\"potentialAction\":[{\"@type\":\"ReadAction\",\"target\":[\"https:\\\/\\\/www.oceanvacances.com\\\/un-violon-sur-le-sable\\\/\"]}]},{\"@type\":\"ImageObject\",\"inLanguage\":\"en-GB\",\"@id\":\"https:\\\/\\\/www.oceanvacances.com\\\/un-violon-sur-le-sable\\\/#primaryimage\",\"url\":\"https:\\\/\\\/www.oceanvacances.com\\\/wp-content\\\/uploads\\\/2022\\\/04\\\/violon-sur-le-sable.png\",\"contentUrl\":\"https:\\\/\\\/www.oceanvacances.com\\\/wp-content\\\/uploads\\\/2022\\\/04\\\/violon-sur-le-sable.png\",\"width\":942,\"height\":582,\"caption\":\"Violon Sur Le Sable\"},{\"@type\":\"BreadcrumbList\",\"@id\":\"https:\\\/\\\/www.oceanvacances.com\\\/un-violon-sur-le-sable\\\/#breadcrumb\",\"itemListElement\":[{\"@type\":\"ListItem\",\"position\":1,\"name\":\"Home\",\"item\":\"https:\\\/\\\/www.oceanvacances.com\\\/\"},{\"@type\":\"ListItem\",\"position\":2,\"name\":\"D\u00e9couvrez Un Violon sur le Sable\"}]},{\"@type\":\"WebSite\",\"@id\":\"https:\\\/\\\/www.oceanvacances.com\\\/#website\",\"url\":\"https:\\\/\\\/www.oceanvacances.com\\\/\",\"name\":\"Oc\u00e9an Vacances\",\"description\":\"Votre village vacances pr\u00e8s de Royan\",\"publisher\":{\"@id\":\"https:\\\/\\\/www.oceanvacances.com\\\/#organization\"},\"alternateName\":\"Camping les Embruns d'Ol\u00e9ron\",\"potentialAction\":[{\"@type\":\"SearchAction\",\"target\":{\"@type\":\"EntryPoint\",\"urlTemplate\":\"https:\\\/\\\/www.oceanvacances.com\\\/?s={search_term_string}\"},\"query-input\":{\"@type\":\"PropertyValueSpecification\",\"valueRequired\":true,\"valueName\":\"search_term_string\"}}],\"inLanguage\":\"en-GB\"},{\"@type\":\"Organization\",\"@id\":\"https:\\\/\\\/www.oceanvacances.com\\\/#organization\",\"name\":\"Oc\u00e9an Vacances\",\"url\":\"https:\\\/\\\/www.oceanvacances.com\\\/\",\"logo\":{\"@type\":\"ImageObject\",\"inLanguage\":\"en-GB\",\"@id\":\"https:\\\/\\\/www.oceanvacances.com\\\/#\\\/schema\\\/logo\\\/image\\\/\",\"url\":\"https:\\\/\\\/www.oceanvacances.com\\\/wp-content\\\/uploads\\\/2025\\\/10\\\/ocean-vacances-logo-color.svg\",\"contentUrl\":\"https:\\\/\\\/www.oceanvacances.com\\\/wp-content\\\/uploads\\\/2025\\\/10\\\/ocean-vacances-logo-color.svg\",\"width\":457,\"height\":201,\"caption\":\"Oc\u00e9an Vacances\"},\"image\":{\"@id\":\"https:\\\/\\\/www.oceanvacances.com\\\/#\\\/schema\\\/logo\\\/image\\\/\"},\"sameAs\":[\"https:\\\/\\\/www.facebook.com\\\/oceanvacances\\\/\",\"https:\\\/\\\/www.youtube.com\\\/@Campaldia\",\"https:\\\/\\\/www.instagram.com\\\/campingoceanvacances\\\/\"]},{\"@type\":\"Person\",\"@id\":\"https:\\\/\\\/www.oceanvacances.com\\\/#\\\/schema\\\/person\\\/4d3ca0e4558571a23fefb754071884c8\",\"name\":\"sophie\"}]}<\/script>\n<!-- \/ Yoast SEO plugin. -->","yoast_head_json":{"title":"Event Royan | Un Violon sur le Sable and its symphony orchestra","description":"Un Violon sur le Sable is an internationally renowned music festival held every year on the beach in Royan.","robots":{"index":"index","follow":"follow","max-snippet":"max-snippet:-1","max-image-preview":"max-image-preview:large","max-video-preview":"max-video-preview:-1"},"canonical":"https:\/\/www.oceanvacances.com\/en\/a-violin-on-the-sand\/","og_locale":"en_GB","og_type":"article","og_title":"Ev\u00e9nement Royan | Un Violon sur le Sable et son orchestre symphonique","og_description":"Un Violon sur le Sable est un festival de musique de renomm\u00e9e internationale qui se d\u00e9roule chaque ann\u00e9e sur la plage \u00e0 Royan.","og_url":"https:\/\/www.oceanvacances.com\/en\/a-violin-on-the-sand\/","og_site_name":"Oc\u00e9an Vacances","article_publisher":"https:\/\/www.facebook.com\/oceanvacances\/","article_published_time":"2022-05-01T07:00:20+00:00","article_modified_time":"2025-11-21T11:09:11+00:00","og_image":[{"width":942,"height":582,"url":"https:\/\/www.oceanvacances.com\/wp-content\/uploads\/2022\/04\/violon-sur-le-sable.png","type":"image\/png"}],"author":"sophie","twitter_card":"summary_large_image","twitter_misc":{"Written by":"sophie","Estimated reading time":"4 minutes"},"schema":{"@context":"https:\/\/schema.org","@graph":[{"@type":"Article","@id":"https:\/\/www.oceanvacances.com\/un-violon-sur-le-sable\/#article","isPartOf":{"@id":"https:\/\/www.oceanvacances.com\/un-violon-sur-le-sable\/"},"author":{"name":"sophie","@id":"https:\/\/www.oceanvacances.com\/#\/schema\/person\/4d3ca0e4558571a23fefb754071884c8"},"headline":"Un Violon sur le Sable \u00e0 Royan","datePublished":"2022-05-01T07:00:20+00:00","dateModified":"2025-11-21T11:09:11+00:00","mainEntityOfPage":{"@id":"https:\/\/www.oceanvacances.com\/un-violon-sur-le-sable\/"},"wordCount":676,"publisher":{"@id":"https:\/\/www.oceanvacances.com\/#organization"},"image":{"@id":"https:\/\/www.oceanvacances.com\/un-violon-sur-le-sable\/#primaryimage"},"thumbnailUrl":"https:\/\/www.oceanvacances.com\/wp-content\/uploads\/2022\/04\/violon-sur-le-sable.png","articleSection":["Blog"],"inLanguage":"en-GB"},{"@type":"WebPage","@id":"https:\/\/www.oceanvacances.com\/un-violon-sur-le-sable\/","url":"https:\/\/www.oceanvacances.com\/un-violon-sur-le-sable\/","name":"Event Royan | Un Violon sur le Sable and its symphony orchestra","isPartOf":{"@id":"https:\/\/www.oceanvacances.com\/#website"},"primaryImageOfPage":{"@id":"https:\/\/www.oceanvacances.com\/un-violon-sur-le-sable\/#primaryimage"},"image":{"@id":"https:\/\/www.oceanvacances.com\/un-violon-sur-le-sable\/#primaryimage"},"thumbnailUrl":"https:\/\/www.oceanvacances.com\/wp-content\/uploads\/2022\/04\/violon-sur-le-sable.png","datePublished":"2022-05-01T07:00:20+00:00","dateModified":"2025-11-21T11:09:11+00:00","description":"Un Violon sur le Sable is an internationally renowned music festival held every year on the beach in Royan.","breadcrumb":{"@id":"https:\/\/www.oceanvacances.com\/un-violon-sur-le-sable\/#breadcrumb"},"inLanguage":"en-GB","potentialAction":[{"@type":"ReadAction","target":["https:\/\/www.oceanvacances.com\/un-violon-sur-le-sable\/"]}]},{"@type":"ImageObject","inLanguage":"en-GB","@id":"https:\/\/www.oceanvacances.com\/un-violon-sur-le-sable\/#primaryimage","url":"https:\/\/www.oceanvacances.com\/wp-content\/uploads\/2022\/04\/violon-sur-le-sable.png","contentUrl":"https:\/\/www.oceanvacances.com\/wp-content\/uploads\/2022\/04\/violon-sur-le-sable.png","width":942,"height":582,"caption":"Violon Sur Le Sable"},{"@type":"BreadcrumbList","@id":"https:\/\/www.oceanvacances.com\/un-violon-sur-le-sable\/#breadcrumb","itemListElement":[{"@type":"ListItem","position":1,"name":"Home","item":"https:\/\/www.oceanvacances.com\/"},{"@type":"ListItem","position":2,"name":"D\u00e9couvrez Un Violon sur le Sable"}]},{"@type":"WebSite","@id":"https:\/\/www.oceanvacances.com\/#website","url":"https:\/\/www.oceanvacances.com\/","name":"Oc\u00e9an Vacances","description":"Your holiday village near Royan","publisher":{"@id":"https:\/\/www.oceanvacances.com\/#organization"},"alternateName":"Camping les Embruns d'Ol\u00e9ron","potentialAction":[{"@type":"SearchAction","target":{"@type":"EntryPoint","urlTemplate":"https:\/\/www.oceanvacances.com\/?s={search_term_string}"},"query-input":{"@type":"PropertyValueSpecification","valueRequired":true,"valueName":"search_term_string"}}],"inLanguage":"en-GB"},{"@type":"Organization","@id":"https:\/\/www.oceanvacances.com\/#organization","name":"Oc\u00e9an Vacances","url":"https:\/\/www.oceanvacances.com\/","logo":{"@type":"ImageObject","inLanguage":"en-GB","@id":"https:\/\/www.oceanvacances.com\/#\/schema\/logo\/image\/","url":"https:\/\/www.oceanvacances.com\/wp-content\/uploads\/2025\/10\/ocean-vacances-logo-color.svg","contentUrl":"https:\/\/www.oceanvacances.com\/wp-content\/uploads\/2025\/10\/ocean-vacances-logo-color.svg","width":457,"height":201,"caption":"Oc\u00e9an Vacances"},"image":{"@id":"https:\/\/www.oceanvacances.com\/#\/schema\/logo\/image\/"},"sameAs":["https:\/\/www.facebook.com\/oceanvacances\/","https:\/\/www.youtube.com\/@Campaldia","https:\/\/www.instagram.com\/campingoceanvacances\/"]},{"@type":"Person","@id":"https:\/\/www.oceanvacances.com\/#\/schema\/person\/4d3ca0e4558571a23fefb754071884c8","name":"sophie"}]}},"_links":{"self":[{"href":"https:\/\/www.oceanvacances.com\/en\/wp-json\/wp\/v2\/posts\/4951","targetHints":{"allow":["GET"]}}],"collection":[{"href":"https:\/\/www.oceanvacances.com\/en\/wp-json\/wp\/v2\/posts"}],"about":[{"href":"https:\/\/www.oceanvacances.com\/en\/wp-json\/wp\/v2\/types\/post"}],"author":[{"embeddable":true,"href":"https:\/\/www.oceanvacances.com\/en\/wp-json\/wp\/v2\/users\/11"}],"replies":[{"embeddable":true,"href":"https:\/\/www.oceanvacances.com\/en\/wp-json\/wp\/v2\/comments?post=4951"}],"version-history":[{"count":1,"href":"https:\/\/www.oceanvacances.com\/en\/wp-json\/wp\/v2\/posts\/4951\/revisions"}],"predecessor-version":[{"id":9000,"href":"https:\/\/www.oceanvacances.com\/en\/wp-json\/wp\/v2\/posts\/4951\/revisions\/9000"}],"wp:featuredmedia":[{"embeddable":true,"href":"https:\/\/www.oceanvacances.com\/en\/wp-json\/wp\/v2\/media\/4954"}],"wp:attachment":[{"href":"https:\/\/www.oceanvacances.com\/en\/wp-json\/wp\/v2\/media?parent=4951"}],"wp:term":[{"taxonomy":"category","embeddable":true,"href":"https:\/\/www.oceanvacances.com\/en\/wp-json\/wp\/v2\/categories?post=4951"},{"taxonomy":"post_tag","embeddable":true,"href":"https:\/\/www.oceanvacances.com\/en\/wp-json\/wp\/v2\/tags?post=4951"}],"curies":[{"name":"wp","href":"https:\/\/api.w.org\/{rel}","templated":true}]}}