{"id":3623,"date":"2020-06-10T11:23:37","date_gmt":"2020-06-10T09:23:37","guid":{"rendered":"https:\/\/www.oceanvacances.com\/?p=3623"},"modified":"2025-11-21T12:09:11","modified_gmt":"2025-11-21T11:09:11","slug":"markets-in-charente-maritime","status":"publish","type":"post","link":"https:\/\/www.oceanvacances.com\/en\/markets-in-charente-maritime\/","title":{"rendered":"Markets in Charente-Maritime"},"content":{"rendered":"<p>Visitor or not, markets are always a must, whatever the region. Lively, colourful and full of authenticity, they always liven up local life. <strong>Markets in Charente-Maritime<\/strong> are no exception to the rule. They're a great opportunity for gourmets to discover local produce and stock up on fresh, seasonal victuals. Discover more <strong>120 markets in Charente-Maritime<\/strong>, some open every day and others more occasionally, all within a few kilometres of our home. <a href=\"\/en\/camping-royan\/\">camping Royan<\/a>.<\/p>\n<h2>Markets open every day<\/h2>\n<p>Every morning, it's a multitude of communes of <a href=\"\/en\/camping-charente-maritime\/\">Charente-Maritime<\/a> which come alive as stalls are set up and customers stroll around looking for their lunch menu. Meet the local producers and fill your basket to the brim with fresh produce and specialities from the Charente.<\/p>\n<p>There are around ten food markets open all year round, usually from 8am to 1pm:<\/p>\n<ul>\n<li>Ch\u00e2telaillon-Plage. In Rue du March\u00e9, you'll find a wide variety of foodstuffs, from the sea to the fields!<\/li>\n<li>Sainte-Marie-de-R\u00e9, place d'Antioche and place des tilleuls (except Mondays in low season). This colourful market smells of the region and has a merry-go-round for children's entertainment in each square.<\/li>\n<li><a href=\"\/en\/camping-saint-palais-sur-mer\/\">Saint-Palais-sur-Mer<\/a>, with its covered market in the town centre, from 8am to 1.30pm.<\/li>\n<li>Fouras-les-Bains, rue de la Halle, 8am to 12.30pm. You'll find a covered market stocked with fish when you come to Fouras-les-Bains. <a href=\"\/en\/blog\/visit-fouras\/\">visit to Fouras<\/a>.<\/li>\n<li>Saintes. From flowers to organic produce and delicious home-cooked meals, there are several markets taking place in the town at Place du 11-Novembre, Place Saint-Pierre, Avenue Gambetta and Place des C\u00e2tives.<\/li>\n<li>Saint-Georges-de-Didonne, from 8am to 2pm in the town centre.<\/li>\n<li>La Rochelle, at the Halles du XIXe. Vegetables, ready-made meals, groceries, cheeses, bread, cold meats... You'll find what you're looking for to satisfy your taste buds.<\/li>\n<li>Saint-Pierre d'Ol\u00e9ron. Head to La Cotini\u00e8re and its fishing port, where the fish market takes place every day at 4pm, offering seafood, fish, oysters and various shellfish.<\/li>\n<li>La Tremblade, Place Gambetta. On Saturdays, the daily market is replaced by a fairground market.<\/li>\n<li><a href=\"\/en\/holidays-in-royan\/\">Royan<\/a>, 7am-1pm (except Mondays in winter), right in the centre.<\/li>\n<\/ul>\n<h2>Other weekly and seasonal markets<\/h2>\n<h3>Weekly markets<\/h3>\n<p>In a friendly atmosphere, you can choose from fruit, vegetables, meat and fish, and perhaps try some of the local specialities such as cagouille or bois cass\u00e9. Tempted? Then discover the quality of the local produce and the expertise of the shopkeepers at other <strong>Charente-Maritime markets<\/strong>, These are real meeting places for local products:<\/p>\n<ul>\n<li>Tuesday and Saturday mornings in Marans and Jonzac (and Fridays in Jonzac).<\/li>\n<li>Thursday mornings in Montendre, Port d'Envaux and Mornac-sur-Seudre (also on Sundays in Mornac-sur-Seudre).<\/li>\n<li>Tuesday, Thursday and Saturday mornings, in Rochefort.<\/li>\n<li>Wednesdays, Saturdays and Sundays, in Saint-Jean-d'Angely and Pons.<\/li>\n<li>Tuesdays, Fridays, Saturdays and Sundays (in high season), in Meschers-sur-Gironde.<\/li>\n<\/ul>\n<h3>Some seasonal markets in Charente-Maritime<\/h3>\n<p>Numerous seasonal craft markets are also held, to the delight of visitors. A <a href=\"\/en\/la-palmyre\/\">La Palmyre<\/a>, Between Easter and mid-September, a market is held on Wednesday and Sunday mornings. From 1<sup>er<\/sup> June to 30 September, every morning in Ronce-les-Bains (Tuesday, Thursday, Saturday and Sunday mornings in winter)<\/p>\n<p><iframe loading=\"lazy\" src=\"https:\/\/www.youtube.com\/embed\/Imvddjlw1HQ\" width=\"100%\" height=\"315\" frameborder=\"0\" allowfullscreen=\"allowfullscreen\"><\/iframe><\/p>","protected":false},"excerpt":{"rendered":"<p>Visiteur de passage ou non, les march\u00e9s sont toujours un incontournable et ce quelle que soit la r\u00e9gion. Vivants, bigarr\u00e9s et empreints d\u2019une v\u00e9ritable authenticit\u00e9, ils animent toujours la vie locale. Les march\u00e9s de Charente-Maritime ne d\u00e9rogent pas \u00e0 la r\u00e8gle. Ils sont une bonne occasion pour tous les gourmets de d\u00e9couvrir les produits du&#8230;<\/p>","protected":false},"author":11,"featured_media":3672,"comment_status":"closed","ping_status":"closed","sticky":false,"template":"","format":"standard","meta":{"_acf_changed":false,"inline_featured_image":false,"footnotes":""},"categories":[1],"tags":[],"class_list":["post-3623","post","type-post","status-publish","format-standard","has-post-thumbnail","hentry","category-blog"],"acf":[],"yoast_head":"<!-- This site is optimized with the Yoast SEO plugin v27.5 - https:\/\/yoast.com\/product\/yoast-seo-wordpress\/ -->\n<title>Liste des plus beaux march\u00e9s de Charente Maritime<\/title>\n<meta name=\"robots\" content=\"index, follow, max-snippet:-1, max-image-preview:large, max-video-preview:-1\" \/>\n<link rel=\"canonical\" href=\"https:\/\/www.oceanvacances.com\/en\/markets-in-charente-maritime\/\" \/>\n<meta property=\"og:locale\" content=\"en_GB\" \/>\n<meta property=\"og:type\" content=\"article\" \/>\n<meta property=\"og:title\" content=\"Liste des plus beaux march\u00e9s de Charente Maritime\" \/>\n<meta property=\"og:description\" content=\"Visiteur de passage ou non, les march\u00e9s sont toujours un incontournable et ce quelle que soit la r\u00e9gion. Vivants, bigarr\u00e9s et empreints d\u2019une v\u00e9ritable authenticit\u00e9, ils animent toujours la vie locale. Les march\u00e9s de Charente-Maritime ne d\u00e9rogent pas \u00e0 la r\u00e8gle. Ils sont une bonne occasion pour tous les gourmets de d\u00e9couvrir les produits du...\" \/>\n<meta property=\"og:url\" content=\"https:\/\/www.oceanvacances.com\/en\/markets-in-charente-maritime\/\" \/>\n<meta property=\"og:site_name\" content=\"Oc\u00e9an Vacances\" \/>\n<meta property=\"article:publisher\" content=\"https:\/\/www.facebook.com\/oceanvacances\/\" \/>\n<meta property=\"article:published_time\" content=\"2020-06-10T09:23:37+00:00\" \/>\n<meta property=\"article:modified_time\" content=\"2025-11-21T11:09:11+00:00\" \/>\n<meta property=\"og:image\" content=\"https:\/\/www.oceanvacances.com\/wp-content\/uploads\/2020\/06\/marche-charente-maritime.jpg\" \/>\n\t<meta property=\"og:image:width\" content=\"1000\" \/>\n\t<meta property=\"og:image:height\" content=\"350\" \/>\n\t<meta property=\"og:image:type\" content=\"image\/jpeg\" \/>\n<meta name=\"author\" content=\"sophie\" \/>\n<meta name=\"twitter:card\" content=\"summary_large_image\" \/>\n<meta name=\"twitter:label1\" content=\"Written by\" \/>\n\t<meta name=\"twitter:data1\" content=\"sophie\" \/>\n\t<meta name=\"twitter:label2\" content=\"Estimated reading time\" \/>\n\t<meta name=\"twitter:data2\" content=\"4 minutes\" \/>\n<script type=\"application\/ld+json\" class=\"yoast-schema-graph\">{\"@context\":\"https:\\\/\\\/schema.org\",\"@graph\":[{\"@type\":\"Article\",\"@id\":\"https:\\\/\\\/www.oceanvacances.com\\\/les-marches-en-charente-maritime\\\/#article\",\"isPartOf\":{\"@id\":\"https:\\\/\\\/www.oceanvacances.com\\\/les-marches-en-charente-maritime\\\/\"},\"author\":{\"name\":\"sophie\",\"@id\":\"https:\\\/\\\/www.oceanvacances.com\\\/#\\\/schema\\\/person\\\/4d3ca0e4558571a23fefb754071884c8\"},\"headline\":\"Les march\u00e9s en Charente-Maritime\",\"datePublished\":\"2020-06-10T09:23:37+00:00\",\"dateModified\":\"2025-11-21T11:09:11+00:00\",\"mainEntityOfPage\":{\"@id\":\"https:\\\/\\\/www.oceanvacances.com\\\/les-marches-en-charente-maritime\\\/\"},\"wordCount\":618,\"publisher\":{\"@id\":\"https:\\\/\\\/www.oceanvacances.com\\\/#organization\"},\"image\":{\"@id\":\"https:\\\/\\\/www.oceanvacances.com\\\/les-marches-en-charente-maritime\\\/#primaryimage\"},\"thumbnailUrl\":\"https:\\\/\\\/www.oceanvacances.com\\\/wp-content\\\/uploads\\\/2020\\\/06\\\/marche-charente-maritime.jpg\",\"articleSection\":[\"Blog\"],\"inLanguage\":\"en-GB\"},{\"@type\":\"WebPage\",\"@id\":\"https:\\\/\\\/www.oceanvacances.com\\\/les-marches-en-charente-maritime\\\/\",\"url\":\"https:\\\/\\\/www.oceanvacances.com\\\/les-marches-en-charente-maritime\\\/\",\"name\":\"Liste des plus beaux march\u00e9s de Charente Maritime\",\"isPartOf\":{\"@id\":\"https:\\\/\\\/www.oceanvacances.com\\\/#website\"},\"primaryImageOfPage\":{\"@id\":\"https:\\\/\\\/www.oceanvacances.com\\\/les-marches-en-charente-maritime\\\/#primaryimage\"},\"image\":{\"@id\":\"https:\\\/\\\/www.oceanvacances.com\\\/les-marches-en-charente-maritime\\\/#primaryimage\"},\"thumbnailUrl\":\"https:\\\/\\\/www.oceanvacances.com\\\/wp-content\\\/uploads\\\/2020\\\/06\\\/marche-charente-maritime.jpg\",\"datePublished\":\"2020-06-10T09:23:37+00:00\",\"dateModified\":\"2025-11-21T11:09:11+00:00\",\"breadcrumb\":{\"@id\":\"https:\\\/\\\/www.oceanvacances.com\\\/les-marches-en-charente-maritime\\\/#breadcrumb\"},\"inLanguage\":\"en-GB\",\"potentialAction\":[{\"@type\":\"ReadAction\",\"target\":[\"https:\\\/\\\/www.oceanvacances.com\\\/les-marches-en-charente-maritime\\\/\"]}]},{\"@type\":\"ImageObject\",\"inLanguage\":\"en-GB\",\"@id\":\"https:\\\/\\\/www.oceanvacances.com\\\/les-marches-en-charente-maritime\\\/#primaryimage\",\"url\":\"https:\\\/\\\/www.oceanvacances.com\\\/wp-content\\\/uploads\\\/2020\\\/06\\\/marche-charente-maritime.jpg\",\"contentUrl\":\"https:\\\/\\\/www.oceanvacances.com\\\/wp-content\\\/uploads\\\/2020\\\/06\\\/marche-charente-maritime.jpg\",\"width\":1000,\"height\":350,\"caption\":\"Marche Charente Maritime\"},{\"@type\":\"BreadcrumbList\",\"@id\":\"https:\\\/\\\/www.oceanvacances.com\\\/les-marches-en-charente-maritime\\\/#breadcrumb\",\"itemListElement\":[{\"@type\":\"ListItem\",\"position\":1,\"name\":\"Home\",\"item\":\"https:\\\/\\\/www.oceanvacances.com\\\/\"},{\"@type\":\"ListItem\",\"position\":2,\"name\":\"Faire le march\u00e9 en Charente Maritime\"}]},{\"@type\":\"WebSite\",\"@id\":\"https:\\\/\\\/www.oceanvacances.com\\\/#website\",\"url\":\"https:\\\/\\\/www.oceanvacances.com\\\/\",\"name\":\"Oc\u00e9an Vacances\",\"description\":\"Votre village vacances pr\u00e8s de Royan\",\"publisher\":{\"@id\":\"https:\\\/\\\/www.oceanvacances.com\\\/#organization\"},\"alternateName\":\"Camping les Embruns d'Ol\u00e9ron\",\"potentialAction\":[{\"@type\":\"SearchAction\",\"target\":{\"@type\":\"EntryPoint\",\"urlTemplate\":\"https:\\\/\\\/www.oceanvacances.com\\\/?s={search_term_string}\"},\"query-input\":{\"@type\":\"PropertyValueSpecification\",\"valueRequired\":true,\"valueName\":\"search_term_string\"}}],\"inLanguage\":\"en-GB\"},{\"@type\":\"Organization\",\"@id\":\"https:\\\/\\\/www.oceanvacances.com\\\/#organization\",\"name\":\"Oc\u00e9an Vacances\",\"url\":\"https:\\\/\\\/www.oceanvacances.com\\\/\",\"logo\":{\"@type\":\"ImageObject\",\"inLanguage\":\"en-GB\",\"@id\":\"https:\\\/\\\/www.oceanvacances.com\\\/#\\\/schema\\\/logo\\\/image\\\/\",\"url\":\"https:\\\/\\\/www.oceanvacances.com\\\/wp-content\\\/uploads\\\/2025\\\/10\\\/ocean-vacances-logo-color.svg\",\"contentUrl\":\"https:\\\/\\\/www.oceanvacances.com\\\/wp-content\\\/uploads\\\/2025\\\/10\\\/ocean-vacances-logo-color.svg\",\"width\":457,\"height\":201,\"caption\":\"Oc\u00e9an Vacances\"},\"image\":{\"@id\":\"https:\\\/\\\/www.oceanvacances.com\\\/#\\\/schema\\\/logo\\\/image\\\/\"},\"sameAs\":[\"https:\\\/\\\/www.facebook.com\\\/oceanvacances\\\/\",\"https:\\\/\\\/www.youtube.com\\\/@Campaldia\",\"https:\\\/\\\/www.instagram.com\\\/campingoceanvacances\\\/\"]},{\"@type\":\"Person\",\"@id\":\"https:\\\/\\\/www.oceanvacances.com\\\/#\\\/schema\\\/person\\\/4d3ca0e4558571a23fefb754071884c8\",\"name\":\"sophie\"}]}<\/script>\n<!-- \/ Yoast SEO plugin. -->","yoast_head_json":{"title":"List of the most beautiful markets in Charente Maritime","robots":{"index":"index","follow":"follow","max-snippet":"max-snippet:-1","max-image-preview":"max-image-preview:large","max-video-preview":"max-video-preview:-1"},"canonical":"https:\/\/www.oceanvacances.com\/en\/markets-in-charente-maritime\/","og_locale":"en_GB","og_type":"article","og_title":"Liste des plus beaux march\u00e9s de Charente Maritime","og_description":"Visiteur de passage ou non, les march\u00e9s sont toujours un incontournable et ce quelle que soit la r\u00e9gion. Vivants, bigarr\u00e9s et empreints d\u2019une v\u00e9ritable authenticit\u00e9, ils animent toujours la vie locale. Les march\u00e9s de Charente-Maritime ne d\u00e9rogent pas \u00e0 la r\u00e8gle. Ils sont une bonne occasion pour tous les gourmets de d\u00e9couvrir les produits du...","og_url":"https:\/\/www.oceanvacances.com\/en\/markets-in-charente-maritime\/","og_site_name":"Oc\u00e9an Vacances","article_publisher":"https:\/\/www.facebook.com\/oceanvacances\/","article_published_time":"2020-06-10T09:23:37+00:00","article_modified_time":"2025-11-21T11:09:11+00:00","og_image":[{"width":1000,"height":350,"url":"https:\/\/www.oceanvacances.com\/wp-content\/uploads\/2020\/06\/marche-charente-maritime.jpg","type":"image\/jpeg"}],"author":"sophie","twitter_card":"summary_large_image","twitter_misc":{"Written by":"sophie","Estimated reading time":"4 minutes"},"schema":{"@context":"https:\/\/schema.org","@graph":[{"@type":"Article","@id":"https:\/\/www.oceanvacances.com\/les-marches-en-charente-maritime\/#article","isPartOf":{"@id":"https:\/\/www.oceanvacances.com\/les-marches-en-charente-maritime\/"},"author":{"name":"sophie","@id":"https:\/\/www.oceanvacances.com\/#\/schema\/person\/4d3ca0e4558571a23fefb754071884c8"},"headline":"Les march\u00e9s en Charente-Maritime","datePublished":"2020-06-10T09:23:37+00:00","dateModified":"2025-11-21T11:09:11+00:00","mainEntityOfPage":{"@id":"https:\/\/www.oceanvacances.com\/les-marches-en-charente-maritime\/"},"wordCount":618,"publisher":{"@id":"https:\/\/www.oceanvacances.com\/#organization"},"image":{"@id":"https:\/\/www.oceanvacances.com\/les-marches-en-charente-maritime\/#primaryimage"},"thumbnailUrl":"https:\/\/www.oceanvacances.com\/wp-content\/uploads\/2020\/06\/marche-charente-maritime.jpg","articleSection":["Blog"],"inLanguage":"en-GB"},{"@type":"WebPage","@id":"https:\/\/www.oceanvacances.com\/les-marches-en-charente-maritime\/","url":"https:\/\/www.oceanvacances.com\/les-marches-en-charente-maritime\/","name":"List of the most beautiful markets in Charente Maritime","isPartOf":{"@id":"https:\/\/www.oceanvacances.com\/#website"},"primaryImageOfPage":{"@id":"https:\/\/www.oceanvacances.com\/les-marches-en-charente-maritime\/#primaryimage"},"image":{"@id":"https:\/\/www.oceanvacances.com\/les-marches-en-charente-maritime\/#primaryimage"},"thumbnailUrl":"https:\/\/www.oceanvacances.com\/wp-content\/uploads\/2020\/06\/marche-charente-maritime.jpg","datePublished":"2020-06-10T09:23:37+00:00","dateModified":"2025-11-21T11:09:11+00:00","breadcrumb":{"@id":"https:\/\/www.oceanvacances.com\/les-marches-en-charente-maritime\/#breadcrumb"},"inLanguage":"en-GB","potentialAction":[{"@type":"ReadAction","target":["https:\/\/www.oceanvacances.com\/les-marches-en-charente-maritime\/"]}]},{"@type":"ImageObject","inLanguage":"en-GB","@id":"https:\/\/www.oceanvacances.com\/les-marches-en-charente-maritime\/#primaryimage","url":"https:\/\/www.oceanvacances.com\/wp-content\/uploads\/2020\/06\/marche-charente-maritime.jpg","contentUrl":"https:\/\/www.oceanvacances.com\/wp-content\/uploads\/2020\/06\/marche-charente-maritime.jpg","width":1000,"height":350,"caption":"Marche Charente Maritime"},{"@type":"BreadcrumbList","@id":"https:\/\/www.oceanvacances.com\/les-marches-en-charente-maritime\/#breadcrumb","itemListElement":[{"@type":"ListItem","position":1,"name":"Home","item":"https:\/\/www.oceanvacances.com\/"},{"@type":"ListItem","position":2,"name":"Faire le march\u00e9 en Charente Maritime"}]},{"@type":"WebSite","@id":"https:\/\/www.oceanvacances.com\/#website","url":"https:\/\/www.oceanvacances.com\/","name":"Oc\u00e9an Vacances","description":"Your holiday village near Royan","publisher":{"@id":"https:\/\/www.oceanvacances.com\/#organization"},"alternateName":"Camping les Embruns d'Ol\u00e9ron","potentialAction":[{"@type":"SearchAction","target":{"@type":"EntryPoint","urlTemplate":"https:\/\/www.oceanvacances.com\/?s={search_term_string}"},"query-input":{"@type":"PropertyValueSpecification","valueRequired":true,"valueName":"search_term_string"}}],"inLanguage":"en-GB"},{"@type":"Organization","@id":"https:\/\/www.oceanvacances.com\/#organization","name":"Oc\u00e9an Vacances","url":"https:\/\/www.oceanvacances.com\/","logo":{"@type":"ImageObject","inLanguage":"en-GB","@id":"https:\/\/www.oceanvacances.com\/#\/schema\/logo\/image\/","url":"https:\/\/www.oceanvacances.com\/wp-content\/uploads\/2025\/10\/ocean-vacances-logo-color.svg","contentUrl":"https:\/\/www.oceanvacances.com\/wp-content\/uploads\/2025\/10\/ocean-vacances-logo-color.svg","width":457,"height":201,"caption":"Oc\u00e9an Vacances"},"image":{"@id":"https:\/\/www.oceanvacances.com\/#\/schema\/logo\/image\/"},"sameAs":["https:\/\/www.facebook.com\/oceanvacances\/","https:\/\/www.youtube.com\/@Campaldia","https:\/\/www.instagram.com\/campingoceanvacances\/"]},{"@type":"Person","@id":"https:\/\/www.oceanvacances.com\/#\/schema\/person\/4d3ca0e4558571a23fefb754071884c8","name":"sophie"}]}},"_links":{"self":[{"href":"https:\/\/www.oceanvacances.com\/en\/wp-json\/wp\/v2\/posts\/3623","targetHints":{"allow":["GET"]}}],"collection":[{"href":"https:\/\/www.oceanvacances.com\/en\/wp-json\/wp\/v2\/posts"}],"about":[{"href":"https:\/\/www.oceanvacances.com\/en\/wp-json\/wp\/v2\/types\/post"}],"author":[{"embeddable":true,"href":"https:\/\/www.oceanvacances.com\/en\/wp-json\/wp\/v2\/users\/11"}],"replies":[{"embeddable":true,"href":"https:\/\/www.oceanvacances.com\/en\/wp-json\/wp\/v2\/comments?post=3623"}],"version-history":[{"count":1,"href":"https:\/\/www.oceanvacances.com\/en\/wp-json\/wp\/v2\/posts\/3623\/revisions"}],"predecessor-version":[{"id":9009,"href":"https:\/\/www.oceanvacances.com\/en\/wp-json\/wp\/v2\/posts\/3623\/revisions\/9009"}],"wp:featuredmedia":[{"embeddable":true,"href":"https:\/\/www.oceanvacances.com\/en\/wp-json\/wp\/v2\/media\/3672"}],"wp:attachment":[{"href":"https:\/\/www.oceanvacances.com\/en\/wp-json\/wp\/v2\/media?parent=3623"}],"wp:term":[{"taxonomy":"category","embeddable":true,"href":"https:\/\/www.oceanvacances.com\/en\/wp-json\/wp\/v2\/categories?post=3623"},{"taxonomy":"post_tag","embeddable":true,"href":"https:\/\/www.oceanvacances.com\/en\/wp-json\/wp\/v2\/tags?post=3623"}],"curies":[{"name":"wp","href":"https:\/\/api.w.org\/{rel}","templated":true}]}}