{"id":4951,"date":"2022-05-01T09:00:20","date_gmt":"2022-05-01T07:00:20","guid":{"rendered":"https:\/\/www.oceanvacances.com\/?p=4951"},"modified":"2025-11-21T12:09:11","modified_gmt":"2025-11-21T11:09:11","slug":"eine-geige-auf-dem-sand","status":"publish","type":"post","link":"https:\/\/www.oceanvacances.com\/de\/eine-geige-auf-dem-sand\/","title":{"rendered":"Eine Geige auf dem Sand in Royan"},"content":{"rendered":"<p>Eine <strong>Symphonieorchester<\/strong> und <strong>Musiker <\/strong>in Frackschw\u00e4nzen auf dem <strong>Sand<\/strong>... Des <strong>international renommierte Solisten<\/strong> am Rande einer Klippe... Ein <strong>musikliebendes Publikum <\/strong>manchmal 5 Stunden vor einem Konzert mit atemberaubender Aussicht auf <strong>der Atlantische Ozean<\/strong>... W\u00e4hrend Ihres Aufenthalts im <a href=\"\/de\/camping-royan\/\">Campingplatz in Royan<\/a>, Kommen Sie und entdecken Sie diese wunderbare Show mit den F\u00fc\u00dfen im Wasser. Von <strong>Organisatoren <\/strong>die klassische Konzerts\u00e4le neu erfinden und die Zuschauer zu Initiationsreisen in <a href=\"\/de\/camping-charente-maritime\/\">Charente-Maritime<\/a>... Dies ist keineswegs Fiktion! Richtung <strong>Sandstrand <\/strong>der <strong>Grande Conche in <a href=\"\/de\/urlaub-royan\/\">Royan<\/a><\/strong> und seine Umgebung.<\/p>\n<h2>Eine Geige auf dem Sand<\/h2>\n<p>Mehr als ein <strong>international renommiertes Musikfestival<\/strong>, <strong>Eine Geige auf dem Sand<\/strong> ist ein v\u00f6llig neues Konzept. Es ist der unumg\u00e4ngliche Treffpunkt f\u00fcr Liebhaber von <strong>klassische Musik<\/strong> und von <strong>Lyrik<\/strong> seit 1987 statt. Auf dem Programm jeder Ausgabe, <strong>3 gro\u00dfe Konzerte<\/strong>, Termine <strong>k\u00fchn<\/strong> die den Klassiker auf der <a href=\"\/de\/blog\/die-strande-von-royan\/\"><strong>Strand von Royan<\/strong><\/a>. Abende, die gepr\u00e4gt waren von <strong>die Exzellenz der Interpreten<\/strong> von virtuosen St\u00fccken <strong>bunt zusammengew\u00fcrfelt<\/strong>. Ein Programm <strong>r\u00e4tselhaft<\/strong> die traditionell einige Tage vor dem ersten Abend bekannt gegeben werden. Mozart kann neben Verdi, Jazz, Variet\u00e9 und Medleys (Filmmusik, Beatles ...) auftreten.<\/p>\n<p>Es ist das Treffen eines manchmal neugierigen Publikums mit <strong>Solisten <\/strong>und die gr\u00f6\u00dften <strong>Klassikstars<\/strong>. S\u00e4nger, Instrumentalisten, T\u00e4nzer... teilen sich die B\u00fchne und werden von 75 bis 80 Musikern begleitet, die gr\u00f6\u00dftenteils aus der Pariser Oper stammen. Das Ensemble wird von J\u00e9r\u00f4me Pillement geleitet, der das Publikum dazu einl\u00e4dt, jeden Moment voll auszukosten, und die Werke mit historischen Anekdoten vorstellt. Momente v\u00f6lliger Verschmelzung, die jeden Abend von 30.000 und 50.000 staunenden Zuschauern aus aller Welt geteilt werden. Nach drei Jahren pandemiebedingter Zwangspause werden die Noten der Musik wieder am Strand und in der Umgebung erklingen.<\/p>\n<p><iframe loading=\"lazy\" title=\"YouTube-Videoplayer\" src=\"https:\/\/www.youtube.com\/embed\/gLOcIroDeSM\" width=\"100%\" height=\"315\" frameborder=\"0\" allowfullscreen=\"allowfullscreen\"><span data-mce-type=\"bookmark\" style=\"display: inline-block; width: 0px; overflow: hidden; line-height: 0;\" class=\"mce_SELRES_start\"><\/span><\/iframe><\/p>\n<h2>Eine Geige \u00fcber der Stadt<\/h2>\n<p>Off-Festival, abseits des Strandes, <strong>Eine Geige \u00fcber der Stadt<\/strong> wurde 2012 geboren, 25 Jahre nach seinem ber\u00fchmten \u00e4lteren Bruder <strong>Eine Geige am Strand<\/strong>. Seitdem hat sich das Festival zur Freude der Zuschauer auf die gesamte Region Pays Royannais ausgedehnt. Auf dem Programm stehen ein Dutzend <strong>von intimen Veranstaltungen<\/strong> und von <strong>ungew\u00f6hnliche Konzerte<\/strong> in <strong>atypische Orte<\/strong> oder <strong>mit Geschichten beladen<\/strong>. Das Ergebnis sind unvergessliche musikalische Begegnungen mit renommierten K\u00fcnstlern. F\u00fcr die Organisatoren, <strong>alles ist m\u00f6glich<\/strong> Und <strong>jede Ausgabe \u00fcbertrifft die vorherige<\/strong> ! Welches geheime Schloss wird die Kulisse f\u00fcr ein n\u00e4chstes Konzert sein? Werden die Klaviere wieder an den Klippen von Talmont-sur-Gironde stehen, um ein Konzert zu geben? Werden die Star-T\u00e4nzer wieder den Golfplatz von <a href=\"\/de\/camping-saint-palais-sur-mer\/\">Saint-Palais-sur-Mer<\/a> im Herzen des Pinienwaldes von La Coubre? Wird Gospelmusik auf dem gallo-r\u00f6mischen Gel\u00e4nde des F\u00e2 in Barzan erklingen? Was wird nach den Tennispl\u00e4tzen des Garden Tennis die B\u00fchne f\u00fcr vier wilde H\u00e4nde sein? Die <a href=\"https:\/\/www.violonsurlesable.com\/programme\/programme-off\" target=\"_blank\" rel=\"noopener\">Programm<\/a> variiert jedes Jahr und der von <strong>die Ausgabe 2022<\/strong> der wird <strong>im Laufe des Juni enth\u00fcllt<\/strong> wird <strong>atemberaubend und voller \u00dcberraschungen<\/strong>.<\/p>\n<h2>Praktische Informationen<\/h2>\n<p>Die Auff\u00fchrungen sind \u00fcberwiegend <strong>kostenlos<\/strong> und bei schlechtem Wetter auf den n\u00e4chsten Tag verschoben werden.<\/p>\n<ul>\n<li>Die <strong>35. Ausgabe<\/strong> d\u2019<strong>Eine Geige auf dem Sand<\/strong> findet statt am <strong>23., 26. und 29. Juli 2022<\/strong>, Am Strand von Royan. Die <strong>Konzerte<\/strong><strong> beginnen um 22 Uhr<\/strong> aber es ist ratsam, vor 18 Uhr einzutreffen. Die Organisatoren bieten Trib\u00fcnen f\u00fcr Zuschauer an, die sich noch in letzter Minute einrichten m\u00f6chten. <a style=\"color: #0563c1; text-decoration: underline;\" href=\"https:\/\/www.violonsurlesable.com\/billeterie\/billetterie\" target=\"_blank\" rel=\"noopener\">Reservierung von nummerierten Pl\u00e4tzen<\/a> (30 \u20ac) ab dem 3. Mai.<\/li>\n<li><strong>Eine Geige \u00fcber der Stadt<\/strong> findet statt vom <strong>20. bis 30. Juli 2022 <\/strong>in Royan, einem Badeort, der als \u00abVille d'Art et d'Histoire\u00bb (Stadt der Kunst und Geschichte) klassifiziert ist, und Umgebung.<\/li>\n<\/ul>\n<p>Warum nutzen Sie dieses Musikereignis nicht, um Ihren Urlaub zu verl\u00e4ngern in <strong>Charente-Maritime<\/strong> ? <a style=\"color: #0563c1; text-decoration: underline;\" href=\"\/de\/\" target=\"_blank\" rel=\"noopener\"><strong>Ocean Vacances<\/strong><\/a> etwa 10 km von Royan entfernt, verspricht Ihnen ein <strong>Aufenthalt<\/strong> <strong>4* unvergesslich<\/strong>. Garantierte Entspannung im Rhythmus der Wellen und beim Klang der Brise in den B\u00e4umen der Domaine de la For\u00eat de Suzac.<\/p>","protected":false},"excerpt":{"rendered":"<p>Un orchestre symphonique et des musiciens en queues-de-pie sur le sable\u2026 Des solistes de renomm\u00e9e internationale au bord d\u2019une falaise\u2026 Un public m\u00e9lomane install\u00e9 parfois 5 heures avant un r\u00e9cital avec vue imprenable sur l&rsquo;Oc\u00e9an Atlantique\u2026 Lors de votre s\u00e9jour au camping \u00e0 Royan, venez d\u00e9couvrir ce magnifique show, les pieds dans l&rsquo;eau. Des organisateurs&#8230;<\/p>","protected":false},"author":11,"featured_media":4954,"comment_status":"closed","ping_status":"closed","sticky":false,"template":"","format":"standard","meta":{"_acf_changed":false,"inline_featured_image":false,"footnotes":""},"categories":[1],"tags":[],"class_list":["post-4951","post","type-post","status-publish","format-standard","has-post-thumbnail","hentry","category-blog"],"acf":[],"yoast_head":"<!-- This site is optimized with the Yoast SEO plugin v27.5 - https:\/\/yoast.com\/product\/yoast-seo-wordpress\/ -->\n<title>Ev\u00e9nement Royan | Un Violon sur le Sable et son orchestre symphonique<\/title>\n<meta name=\"description\" content=\"Un Violon sur le Sable est un festival de musique de renomm\u00e9e internationale qui se d\u00e9roule chaque ann\u00e9e sur la plage \u00e0 Royan.\" \/>\n<meta name=\"robots\" content=\"index, follow, max-snippet:-1, max-image-preview:large, max-video-preview:-1\" \/>\n<link rel=\"canonical\" href=\"https:\/\/www.oceanvacances.com\/de\/eine-geige-auf-dem-sand\/\" \/>\n<meta property=\"og:locale\" content=\"de_DE\" \/>\n<meta property=\"og:type\" content=\"article\" \/>\n<meta property=\"og:title\" content=\"Ev\u00e9nement Royan | Un Violon sur le Sable et son orchestre symphonique\" \/>\n<meta property=\"og:description\" content=\"Un Violon sur le Sable est un festival de musique de renomm\u00e9e internationale qui se d\u00e9roule chaque ann\u00e9e sur la plage \u00e0 Royan.\" \/>\n<meta property=\"og:url\" content=\"https:\/\/www.oceanvacances.com\/de\/eine-geige-auf-dem-sand\/\" \/>\n<meta property=\"og:site_name\" content=\"Oc\u00e9an Vacances\" \/>\n<meta property=\"article:publisher\" content=\"https:\/\/www.facebook.com\/oceanvacances\/\" \/>\n<meta property=\"article:published_time\" content=\"2022-05-01T07:00:20+00:00\" \/>\n<meta property=\"article:modified_time\" content=\"2025-11-21T11:09:11+00:00\" \/>\n<meta property=\"og:image\" content=\"https:\/\/www.oceanvacances.com\/wp-content\/uploads\/2022\/04\/violon-sur-le-sable.png\" \/>\n\t<meta property=\"og:image:width\" content=\"942\" \/>\n\t<meta property=\"og:image:height\" content=\"582\" \/>\n\t<meta property=\"og:image:type\" content=\"image\/png\" \/>\n<meta name=\"author\" content=\"sophie\" \/>\n<meta name=\"twitter:card\" content=\"summary_large_image\" \/>\n<meta name=\"twitter:label1\" content=\"Verfasst von\" \/>\n\t<meta name=\"twitter:data1\" content=\"sophie\" \/>\n\t<meta name=\"twitter:label2\" content=\"Gesch\u00e4tzte Lesezeit\" \/>\n\t<meta name=\"twitter:data2\" content=\"4\u00a0Minuten\" \/>\n<script type=\"application\/ld+json\" class=\"yoast-schema-graph\">{\"@context\":\"https:\\\/\\\/schema.org\",\"@graph\":[{\"@type\":\"Article\",\"@id\":\"https:\\\/\\\/www.oceanvacances.com\\\/un-violon-sur-le-sable\\\/#article\",\"isPartOf\":{\"@id\":\"https:\\\/\\\/www.oceanvacances.com\\\/un-violon-sur-le-sable\\\/\"},\"author\":{\"name\":\"sophie\",\"@id\":\"https:\\\/\\\/www.oceanvacances.com\\\/#\\\/schema\\\/person\\\/4d3ca0e4558571a23fefb754071884c8\"},\"headline\":\"Un Violon sur le Sable \u00e0 Royan\",\"datePublished\":\"2022-05-01T07:00:20+00:00\",\"dateModified\":\"2025-11-21T11:09:11+00:00\",\"mainEntityOfPage\":{\"@id\":\"https:\\\/\\\/www.oceanvacances.com\\\/un-violon-sur-le-sable\\\/\"},\"wordCount\":676,\"publisher\":{\"@id\":\"https:\\\/\\\/www.oceanvacances.com\\\/#organization\"},\"image\":{\"@id\":\"https:\\\/\\\/www.oceanvacances.com\\\/un-violon-sur-le-sable\\\/#primaryimage\"},\"thumbnailUrl\":\"https:\\\/\\\/www.oceanvacances.com\\\/wp-content\\\/uploads\\\/2022\\\/04\\\/violon-sur-le-sable.png\",\"articleSection\":[\"Blog\"],\"inLanguage\":\"de\"},{\"@type\":\"WebPage\",\"@id\":\"https:\\\/\\\/www.oceanvacances.com\\\/un-violon-sur-le-sable\\\/\",\"url\":\"https:\\\/\\\/www.oceanvacances.com\\\/un-violon-sur-le-sable\\\/\",\"name\":\"Ev\u00e9nement Royan | Un Violon sur le Sable et son orchestre symphonique\",\"isPartOf\":{\"@id\":\"https:\\\/\\\/www.oceanvacances.com\\\/#website\"},\"primaryImageOfPage\":{\"@id\":\"https:\\\/\\\/www.oceanvacances.com\\\/un-violon-sur-le-sable\\\/#primaryimage\"},\"image\":{\"@id\":\"https:\\\/\\\/www.oceanvacances.com\\\/un-violon-sur-le-sable\\\/#primaryimage\"},\"thumbnailUrl\":\"https:\\\/\\\/www.oceanvacances.com\\\/wp-content\\\/uploads\\\/2022\\\/04\\\/violon-sur-le-sable.png\",\"datePublished\":\"2022-05-01T07:00:20+00:00\",\"dateModified\":\"2025-11-21T11:09:11+00:00\",\"description\":\"Un Violon sur le Sable est un festival de musique de renomm\u00e9e internationale qui se d\u00e9roule chaque ann\u00e9e sur la plage \u00e0 Royan.\",\"breadcrumb\":{\"@id\":\"https:\\\/\\\/www.oceanvacances.com\\\/un-violon-sur-le-sable\\\/#breadcrumb\"},\"inLanguage\":\"de\",\"potentialAction\":[{\"@type\":\"ReadAction\",\"target\":[\"https:\\\/\\\/www.oceanvacances.com\\\/un-violon-sur-le-sable\\\/\"]}]},{\"@type\":\"ImageObject\",\"inLanguage\":\"de\",\"@id\":\"https:\\\/\\\/www.oceanvacances.com\\\/un-violon-sur-le-sable\\\/#primaryimage\",\"url\":\"https:\\\/\\\/www.oceanvacances.com\\\/wp-content\\\/uploads\\\/2022\\\/04\\\/violon-sur-le-sable.png\",\"contentUrl\":\"https:\\\/\\\/www.oceanvacances.com\\\/wp-content\\\/uploads\\\/2022\\\/04\\\/violon-sur-le-sable.png\",\"width\":942,\"height\":582,\"caption\":\"Violon Sur Le Sable\"},{\"@type\":\"BreadcrumbList\",\"@id\":\"https:\\\/\\\/www.oceanvacances.com\\\/un-violon-sur-le-sable\\\/#breadcrumb\",\"itemListElement\":[{\"@type\":\"ListItem\",\"position\":1,\"name\":\"Home\",\"item\":\"https:\\\/\\\/www.oceanvacances.com\\\/\"},{\"@type\":\"ListItem\",\"position\":2,\"name\":\"D\u00e9couvrez Un Violon sur le Sable\"}]},{\"@type\":\"WebSite\",\"@id\":\"https:\\\/\\\/www.oceanvacances.com\\\/#website\",\"url\":\"https:\\\/\\\/www.oceanvacances.com\\\/\",\"name\":\"Oc\u00e9an Vacances\",\"description\":\"Votre village vacances pr\u00e8s de Royan\",\"publisher\":{\"@id\":\"https:\\\/\\\/www.oceanvacances.com\\\/#organization\"},\"alternateName\":\"Camping les Embruns d'Ol\u00e9ron\",\"potentialAction\":[{\"@type\":\"SearchAction\",\"target\":{\"@type\":\"EntryPoint\",\"urlTemplate\":\"https:\\\/\\\/www.oceanvacances.com\\\/?s={search_term_string}\"},\"query-input\":{\"@type\":\"PropertyValueSpecification\",\"valueRequired\":true,\"valueName\":\"search_term_string\"}}],\"inLanguage\":\"de\"},{\"@type\":\"Organization\",\"@id\":\"https:\\\/\\\/www.oceanvacances.com\\\/#organization\",\"name\":\"Oc\u00e9an Vacances\",\"url\":\"https:\\\/\\\/www.oceanvacances.com\\\/\",\"logo\":{\"@type\":\"ImageObject\",\"inLanguage\":\"de\",\"@id\":\"https:\\\/\\\/www.oceanvacances.com\\\/#\\\/schema\\\/logo\\\/image\\\/\",\"url\":\"https:\\\/\\\/www.oceanvacances.com\\\/wp-content\\\/uploads\\\/2025\\\/10\\\/ocean-vacances-logo-color.svg\",\"contentUrl\":\"https:\\\/\\\/www.oceanvacances.com\\\/wp-content\\\/uploads\\\/2025\\\/10\\\/ocean-vacances-logo-color.svg\",\"width\":457,\"height\":201,\"caption\":\"Oc\u00e9an Vacances\"},\"image\":{\"@id\":\"https:\\\/\\\/www.oceanvacances.com\\\/#\\\/schema\\\/logo\\\/image\\\/\"},\"sameAs\":[\"https:\\\/\\\/www.facebook.com\\\/oceanvacances\\\/\",\"https:\\\/\\\/www.youtube.com\\\/@Campaldia\",\"https:\\\/\\\/www.instagram.com\\\/campingoceanvacances\\\/\"]},{\"@type\":\"Person\",\"@id\":\"https:\\\/\\\/www.oceanvacances.com\\\/#\\\/schema\\\/person\\\/4d3ca0e4558571a23fefb754071884c8\",\"name\":\"sophie\"}]}<\/script>\n<!-- \/ Yoast SEO plugin. -->","yoast_head_json":{"title":"Veranstaltung Royan | Un Violon sur le Sable und sein Symphonieorchester","description":"Un Violon sur le Sable ist ein international bekanntes Musikfestival, das jedes Jahr am Strand in Royan stattfindet.","robots":{"index":"index","follow":"follow","max-snippet":"max-snippet:-1","max-image-preview":"max-image-preview:large","max-video-preview":"max-video-preview:-1"},"canonical":"https:\/\/www.oceanvacances.com\/de\/eine-geige-auf-dem-sand\/","og_locale":"de_DE","og_type":"article","og_title":"Ev\u00e9nement Royan | Un Violon sur le Sable et son orchestre symphonique","og_description":"Un Violon sur le Sable est un festival de musique de renomm\u00e9e internationale qui se d\u00e9roule chaque ann\u00e9e sur la plage \u00e0 Royan.","og_url":"https:\/\/www.oceanvacances.com\/de\/eine-geige-auf-dem-sand\/","og_site_name":"Oc\u00e9an Vacances","article_publisher":"https:\/\/www.facebook.com\/oceanvacances\/","article_published_time":"2022-05-01T07:00:20+00:00","article_modified_time":"2025-11-21T11:09:11+00:00","og_image":[{"width":942,"height":582,"url":"https:\/\/www.oceanvacances.com\/wp-content\/uploads\/2022\/04\/violon-sur-le-sable.png","type":"image\/png"}],"author":"sophie","twitter_card":"summary_large_image","twitter_misc":{"Verfasst von":"sophie","Gesch\u00e4tzte Lesezeit":"4\u00a0Minuten"},"schema":{"@context":"https:\/\/schema.org","@graph":[{"@type":"Article","@id":"https:\/\/www.oceanvacances.com\/un-violon-sur-le-sable\/#article","isPartOf":{"@id":"https:\/\/www.oceanvacances.com\/un-violon-sur-le-sable\/"},"author":{"name":"sophie","@id":"https:\/\/www.oceanvacances.com\/#\/schema\/person\/4d3ca0e4558571a23fefb754071884c8"},"headline":"Un Violon sur le Sable \u00e0 Royan","datePublished":"2022-05-01T07:00:20+00:00","dateModified":"2025-11-21T11:09:11+00:00","mainEntityOfPage":{"@id":"https:\/\/www.oceanvacances.com\/un-violon-sur-le-sable\/"},"wordCount":676,"publisher":{"@id":"https:\/\/www.oceanvacances.com\/#organization"},"image":{"@id":"https:\/\/www.oceanvacances.com\/un-violon-sur-le-sable\/#primaryimage"},"thumbnailUrl":"https:\/\/www.oceanvacances.com\/wp-content\/uploads\/2022\/04\/violon-sur-le-sable.png","articleSection":["Blog"],"inLanguage":"de"},{"@type":"WebPage","@id":"https:\/\/www.oceanvacances.com\/un-violon-sur-le-sable\/","url":"https:\/\/www.oceanvacances.com\/un-violon-sur-le-sable\/","name":"Veranstaltung Royan | Un Violon sur le Sable und sein Symphonieorchester","isPartOf":{"@id":"https:\/\/www.oceanvacances.com\/#website"},"primaryImageOfPage":{"@id":"https:\/\/www.oceanvacances.com\/un-violon-sur-le-sable\/#primaryimage"},"image":{"@id":"https:\/\/www.oceanvacances.com\/un-violon-sur-le-sable\/#primaryimage"},"thumbnailUrl":"https:\/\/www.oceanvacances.com\/wp-content\/uploads\/2022\/04\/violon-sur-le-sable.png","datePublished":"2022-05-01T07:00:20+00:00","dateModified":"2025-11-21T11:09:11+00:00","description":"Un Violon sur le Sable ist ein international bekanntes Musikfestival, das jedes Jahr am Strand in Royan stattfindet.","breadcrumb":{"@id":"https:\/\/www.oceanvacances.com\/un-violon-sur-le-sable\/#breadcrumb"},"inLanguage":"de","potentialAction":[{"@type":"ReadAction","target":["https:\/\/www.oceanvacances.com\/un-violon-sur-le-sable\/"]}]},{"@type":"ImageObject","inLanguage":"de","@id":"https:\/\/www.oceanvacances.com\/un-violon-sur-le-sable\/#primaryimage","url":"https:\/\/www.oceanvacances.com\/wp-content\/uploads\/2022\/04\/violon-sur-le-sable.png","contentUrl":"https:\/\/www.oceanvacances.com\/wp-content\/uploads\/2022\/04\/violon-sur-le-sable.png","width":942,"height":582,"caption":"Violon Sur Le Sable"},{"@type":"BreadcrumbList","@id":"https:\/\/www.oceanvacances.com\/un-violon-sur-le-sable\/#breadcrumb","itemListElement":[{"@type":"ListItem","position":1,"name":"Home","item":"https:\/\/www.oceanvacances.com\/"},{"@type":"ListItem","position":2,"name":"D\u00e9couvrez Un Violon sur le Sable"}]},{"@type":"WebSite","@id":"https:\/\/www.oceanvacances.com\/#website","url":"https:\/\/www.oceanvacances.com\/","name":"Ocean Vacances","description":"Ihr Feriendorf in der N\u00e4he von Royan","publisher":{"@id":"https:\/\/www.oceanvacances.com\/#organization"},"alternateName":"Camping les Embruns d'Ol\u00e9ron","potentialAction":[{"@type":"SearchAction","target":{"@type":"EntryPoint","urlTemplate":"https:\/\/www.oceanvacances.com\/?s={search_term_string}"},"query-input":{"@type":"PropertyValueSpecification","valueRequired":true,"valueName":"search_term_string"}}],"inLanguage":"de"},{"@type":"Organization","@id":"https:\/\/www.oceanvacances.com\/#organization","name":"Ocean Vacances","url":"https:\/\/www.oceanvacances.com\/","logo":{"@type":"ImageObject","inLanguage":"de","@id":"https:\/\/www.oceanvacances.com\/#\/schema\/logo\/image\/","url":"https:\/\/www.oceanvacances.com\/wp-content\/uploads\/2025\/10\/ocean-vacances-logo-color.svg","contentUrl":"https:\/\/www.oceanvacances.com\/wp-content\/uploads\/2025\/10\/ocean-vacances-logo-color.svg","width":457,"height":201,"caption":"Oc\u00e9an Vacances"},"image":{"@id":"https:\/\/www.oceanvacances.com\/#\/schema\/logo\/image\/"},"sameAs":["https:\/\/www.facebook.com\/oceanvacances\/","https:\/\/www.youtube.com\/@Campaldia","https:\/\/www.instagram.com\/campingoceanvacances\/"]},{"@type":"Person","@id":"https:\/\/www.oceanvacances.com\/#\/schema\/person\/4d3ca0e4558571a23fefb754071884c8","name":"sophie"}]}},"_links":{"self":[{"href":"https:\/\/www.oceanvacances.com\/de\/wp-json\/wp\/v2\/posts\/4951","targetHints":{"allow":["GET"]}}],"collection":[{"href":"https:\/\/www.oceanvacances.com\/de\/wp-json\/wp\/v2\/posts"}],"about":[{"href":"https:\/\/www.oceanvacances.com\/de\/wp-json\/wp\/v2\/types\/post"}],"author":[{"embeddable":true,"href":"https:\/\/www.oceanvacances.com\/de\/wp-json\/wp\/v2\/users\/11"}],"replies":[{"embeddable":true,"href":"https:\/\/www.oceanvacances.com\/de\/wp-json\/wp\/v2\/comments?post=4951"}],"version-history":[{"count":1,"href":"https:\/\/www.oceanvacances.com\/de\/wp-json\/wp\/v2\/posts\/4951\/revisions"}],"predecessor-version":[{"id":9000,"href":"https:\/\/www.oceanvacances.com\/de\/wp-json\/wp\/v2\/posts\/4951\/revisions\/9000"}],"wp:featuredmedia":[{"embeddable":true,"href":"https:\/\/www.oceanvacances.com\/de\/wp-json\/wp\/v2\/media\/4954"}],"wp:attachment":[{"href":"https:\/\/www.oceanvacances.com\/de\/wp-json\/wp\/v2\/media?parent=4951"}],"wp:term":[{"taxonomy":"category","embeddable":true,"href":"https:\/\/www.oceanvacances.com\/de\/wp-json\/wp\/v2\/categories?post=4951"},{"taxonomy":"post_tag","embeddable":true,"href":"https:\/\/www.oceanvacances.com\/de\/wp-json\/wp\/v2\/tags?post=4951"}],"curies":[{"name":"wp","href":"https:\/\/api.w.org\/{rel}","templated":true}]}}