{"id":3623,"date":"2020-06-10T11:23:37","date_gmt":"2020-06-10T09:23:37","guid":{"rendered":"https:\/\/www.oceanvacances.com\/?p=3623"},"modified":"2025-11-21T12:09:11","modified_gmt":"2025-11-21T11:09:11","slug":"die-markte-in-charente-maritime","status":"publish","type":"post","link":"https:\/\/www.oceanvacances.com\/de\/die-markte-in-charente-maritime\/","title":{"rendered":"Die M\u00e4rkte in Charente-Maritime"},"content":{"rendered":"<p>Ob Besucher oder nicht, M\u00e4rkte sind immer ein Muss, und zwar unabh\u00e4ngig von der Region. Sie sind lebendig, bunt und authentisch und beleben immer das lokale Leben. <strong>Die M\u00e4rkte in Charente-Maritime<\/strong> bilden hier keine Ausnahme. Sie sind eine gute Gelegenheit f\u00fcr alle Feinschmecker, die Produkte der Region zu entdecken und sich mit frischen, saisonalen Lebensmitteln einzudecken. Entdecken Sie mehr <strong>120 M\u00e4rkte in der Charente-Maritime<\/strong>, Einige sind t\u00e4glich ge\u00f6ffnet, andere nur gelegentlich, und das alles nur wenige Kilometer von unserem Haus entfernt. <a href=\"\/de\/camping-royan\/\">Campingplatz Royan<\/a>.<\/p>\n<h2>M\u00e4rkte, die jeden Tag ge\u00f6ffnet sind<\/h2>\n<p>Jeden Morgen ist es eine Vielzahl von Gemeinden von <a href=\"\/de\/camping-charente-maritime\/\">Charente-Maritime<\/a> die sich im Rhythmus des Aufbaus der St\u00e4nde und der Spazierg\u00e4nge der Kunden auf der Suche nach ihrem Mittagsmen\u00fc beleben. Machen Sie sich auf den Weg zu den lokalen Produzenten, um Ihren Korb bis zum Rand mit frischen Produkten und Spezialit\u00e4ten aus der Charente zu f\u00fcllen.<\/p>\n<p>Hier sind ein Dutzend Lebensmittelm\u00e4rkte, die das ganze Jahr \u00fcber jeden Morgen ge\u00f6ffnet sind, in der Regel von 8:00 bis 13:00 Uhr :<\/p>\n<ul>\n<li>Ch\u00e2telaillon-Plage. In der Rue du March\u00e9 finden Sie eine gro\u00dfe Auswahl an Lebensmitteln, die sowohl aus dem Meer als auch von den Feldern stammen!<\/li>\n<li>Sainte-Marie-de-R\u00e9, Place d'Antioche und Place des tilleuls (au\u00dfer montags in der Nebensaison). Dieser farbenfrohe Markt duftet nach den D\u00fcften der Region und auf jedem Platz gibt es ein Karussell, um die Kinder zu unterhalten.<\/li>\n<li><a href=\"\/de\/camping-saint-palais-sur-mer\/\">Saint-Palais-sur-Mer<\/a>, Die Markthalle im Stadtzentrum ist von 8:00 bis 13:30 Uhr ge\u00f6ffnet.<\/li>\n<li>Fouras-les-Bains, rue de la Halle, von 8:00 bis 12:30 Uhr. Finden Sie eine mit Fisch versorgte Markthalle bei Ihrem <a href=\"\/de\/blog\/besuch-fouras\/\">Besuch in Fouras<\/a>.<\/li>\n<li>Saintes. Von Blumen \u00fcber Bioprodukte bis hin zu leckeren selbstgemachten Speisen - es sind mehrere M\u00e4rkte, die in der Stadt auf dem Place du 11-Novembre, dem Place Saint-Pierre, der Avenue Gambetta und dem Place des C\u00e2tives stattfinden.<\/li>\n<li>Saint-Georges-de-Didonne, von 8:00 bis 14:00 Uhr im Stadtzentrum.<\/li>\n<li>La Rochelle, in Les Halles du XIXe. Gem\u00fcse, Fertiggerichte, Lebensmittel, K\u00e4se, Brot, Wurstwaren... Hier finden Sie alles, um Ihren Gaumen zu verw\u00f6hnen.<\/li>\n<li>Saint-Pierre d'Ol\u00e9ron. Begeben Sie sich nach La Cotini\u00e8re und zum Fischereihafen La Cotini\u00e8re, wo jeden Tag um 16 Uhr der Fischmarkt stattfindet, auf dem Meeresfr\u00fcchte zwischen Fisch, Austern und verschiedenen Schalentieren angeboten werden.<\/li>\n<li>La Tremblade, Place Gambetta. Am Samstag macht der t\u00e4gliche Markt dem Jahrmarkt Platz.<\/li>\n<li><a href=\"\/de\/urlaub-royan\/\">Royan<\/a>, 7:00-13:00 Uhr (au\u00dfer montags im Winter), im Zentrum.<\/li>\n<\/ul>\n<h2>Andere Wochen- und Saisonm\u00e4rkte<\/h2>\n<h3>Wochenm\u00e4rkte<\/h3>\n<p>In einer freundlichen Atmosph\u00e4re k\u00f6nnen Sie Obst, Gem\u00fcse, Fleisch und Fisch ausw\u00e4hlen, aber vielleicht auch einige Spezialit\u00e4ten der Gegend wie Cagouille oder Bois cass\u00e9 probieren. F\u00fchlen Sie sich angesprochen? Dann entdecken Sie schnell die Qualit\u00e4t der lokalen Produkte und das Know-how der H\u00e4ndler auf anderen <strong>M\u00e4rkte in Charente-Maritime<\/strong>, Sie sind ein Ort des Austauschs, der die Produkte der Region aufwertet:<\/p>\n<ul>\n<li>Dienstag-, und Samstagvormittag in Marans und Jonzac (letztere auch freitags).<\/li>\n<li>Am Donnerstagmorgen in Montendre, Port d'Envaux und Mornac-sur-Seudre (in dieser Stadt auch am Sonntag).<\/li>\n<li>Dienstag-, Donnerstag- und Samstagmorgen in Rochefort.<\/li>\n<li>Mittwochs, samstags und sonntags in Saint-Jean-d'Angely und Pons.<\/li>\n<li>Dienstag, Freitag, Samstag und Sonntag (in der Hochsaison), in Meschers-sur-Gironde.<\/li>\n<\/ul>\n<h3>Einige saisonale M\u00e4rkte in Charente-Maritime<\/h3>\n<p>Zur Freude der Besucher finden auch zahlreiche saisonale Kunsthandwerksm\u00e4rkte statt, die durch Animationen bereichert werden. A <a href=\"\/de\/la-palmyre\/\">La Palmyre<\/a>, Zwischen Ostern und Mitte September findet am Mittwoch- und Sonntagmorgen ein Markt statt. Vom 1.<sup>er<\/sup> Juni bis 30. September, Treffpunkt jeden Morgen in Ronce-les-Bains (Dienstag, Donnerstag, Samstag und Sonntagmorgen im Winter)<\/p>\n<p><iframe loading=\"lazy\" src=\"https:\/\/www.youtube.com\/embed\/Imvddjlw1HQ\" width=\"100%\" height=\"315\" frameborder=\"0\" allowfullscreen=\"allowfullscreen\"><\/iframe><\/p>","protected":false},"excerpt":{"rendered":"<p>Visiteur de passage ou non, les march\u00e9s sont toujours un incontournable et ce quelle que soit la r\u00e9gion. Vivants, bigarr\u00e9s et empreints d\u2019une v\u00e9ritable authenticit\u00e9, ils animent toujours la vie locale. Les march\u00e9s de Charente-Maritime ne d\u00e9rogent pas \u00e0 la r\u00e8gle. Ils sont une bonne occasion pour tous les gourmets de d\u00e9couvrir les produits du&#8230;<\/p>","protected":false},"author":11,"featured_media":3672,"comment_status":"closed","ping_status":"closed","sticky":false,"template":"","format":"standard","meta":{"_acf_changed":false,"inline_featured_image":false,"footnotes":""},"categories":[1],"tags":[],"class_list":["post-3623","post","type-post","status-publish","format-standard","has-post-thumbnail","hentry","category-blog"],"acf":[],"yoast_head":"<!-- This site is optimized with the Yoast SEO plugin v27.5 - https:\/\/yoast.com\/product\/yoast-seo-wordpress\/ -->\n<title>Liste des plus beaux march\u00e9s de Charente Maritime<\/title>\n<meta name=\"robots\" content=\"index, follow, max-snippet:-1, max-image-preview:large, max-video-preview:-1\" \/>\n<link rel=\"canonical\" href=\"https:\/\/www.oceanvacances.com\/de\/die-markte-in-charente-maritime\/\" \/>\n<meta property=\"og:locale\" content=\"de_DE\" \/>\n<meta property=\"og:type\" content=\"article\" \/>\n<meta property=\"og:title\" content=\"Liste des plus beaux march\u00e9s de Charente Maritime\" \/>\n<meta property=\"og:description\" content=\"Visiteur de passage ou non, les march\u00e9s sont toujours un incontournable et ce quelle que soit la r\u00e9gion. Vivants, bigarr\u00e9s et empreints d\u2019une v\u00e9ritable authenticit\u00e9, ils animent toujours la vie locale. Les march\u00e9s de Charente-Maritime ne d\u00e9rogent pas \u00e0 la r\u00e8gle. Ils sont une bonne occasion pour tous les gourmets de d\u00e9couvrir les produits du...\" \/>\n<meta property=\"og:url\" content=\"https:\/\/www.oceanvacances.com\/de\/die-markte-in-charente-maritime\/\" \/>\n<meta property=\"og:site_name\" content=\"Oc\u00e9an Vacances\" \/>\n<meta property=\"article:publisher\" content=\"https:\/\/www.facebook.com\/oceanvacances\/\" \/>\n<meta property=\"article:published_time\" content=\"2020-06-10T09:23:37+00:00\" \/>\n<meta property=\"article:modified_time\" content=\"2025-11-21T11:09:11+00:00\" \/>\n<meta property=\"og:image\" content=\"https:\/\/www.oceanvacances.com\/wp-content\/uploads\/2020\/06\/marche-charente-maritime.jpg\" \/>\n\t<meta property=\"og:image:width\" content=\"1000\" \/>\n\t<meta property=\"og:image:height\" content=\"350\" \/>\n\t<meta property=\"og:image:type\" content=\"image\/jpeg\" \/>\n<meta name=\"author\" content=\"sophie\" \/>\n<meta name=\"twitter:card\" content=\"summary_large_image\" \/>\n<meta name=\"twitter:label1\" content=\"Verfasst von\" \/>\n\t<meta name=\"twitter:data1\" content=\"sophie\" \/>\n\t<meta name=\"twitter:label2\" content=\"Gesch\u00e4tzte Lesezeit\" \/>\n\t<meta name=\"twitter:data2\" content=\"4\u00a0Minuten\" \/>\n<script type=\"application\/ld+json\" class=\"yoast-schema-graph\">{\"@context\":\"https:\\\/\\\/schema.org\",\"@graph\":[{\"@type\":\"Article\",\"@id\":\"https:\\\/\\\/www.oceanvacances.com\\\/les-marches-en-charente-maritime\\\/#article\",\"isPartOf\":{\"@id\":\"https:\\\/\\\/www.oceanvacances.com\\\/les-marches-en-charente-maritime\\\/\"},\"author\":{\"name\":\"sophie\",\"@id\":\"https:\\\/\\\/www.oceanvacances.com\\\/#\\\/schema\\\/person\\\/4d3ca0e4558571a23fefb754071884c8\"},\"headline\":\"Les march\u00e9s en Charente-Maritime\",\"datePublished\":\"2020-06-10T09:23:37+00:00\",\"dateModified\":\"2025-11-21T11:09:11+00:00\",\"mainEntityOfPage\":{\"@id\":\"https:\\\/\\\/www.oceanvacances.com\\\/les-marches-en-charente-maritime\\\/\"},\"wordCount\":618,\"publisher\":{\"@id\":\"https:\\\/\\\/www.oceanvacances.com\\\/#organization\"},\"image\":{\"@id\":\"https:\\\/\\\/www.oceanvacances.com\\\/les-marches-en-charente-maritime\\\/#primaryimage\"},\"thumbnailUrl\":\"https:\\\/\\\/www.oceanvacances.com\\\/wp-content\\\/uploads\\\/2020\\\/06\\\/marche-charente-maritime.jpg\",\"articleSection\":[\"Blog\"],\"inLanguage\":\"de\"},{\"@type\":\"WebPage\",\"@id\":\"https:\\\/\\\/www.oceanvacances.com\\\/les-marches-en-charente-maritime\\\/\",\"url\":\"https:\\\/\\\/www.oceanvacances.com\\\/les-marches-en-charente-maritime\\\/\",\"name\":\"Liste des plus beaux march\u00e9s de Charente Maritime\",\"isPartOf\":{\"@id\":\"https:\\\/\\\/www.oceanvacances.com\\\/#website\"},\"primaryImageOfPage\":{\"@id\":\"https:\\\/\\\/www.oceanvacances.com\\\/les-marches-en-charente-maritime\\\/#primaryimage\"},\"image\":{\"@id\":\"https:\\\/\\\/www.oceanvacances.com\\\/les-marches-en-charente-maritime\\\/#primaryimage\"},\"thumbnailUrl\":\"https:\\\/\\\/www.oceanvacances.com\\\/wp-content\\\/uploads\\\/2020\\\/06\\\/marche-charente-maritime.jpg\",\"datePublished\":\"2020-06-10T09:23:37+00:00\",\"dateModified\":\"2025-11-21T11:09:11+00:00\",\"breadcrumb\":{\"@id\":\"https:\\\/\\\/www.oceanvacances.com\\\/les-marches-en-charente-maritime\\\/#breadcrumb\"},\"inLanguage\":\"de\",\"potentialAction\":[{\"@type\":\"ReadAction\",\"target\":[\"https:\\\/\\\/www.oceanvacances.com\\\/les-marches-en-charente-maritime\\\/\"]}]},{\"@type\":\"ImageObject\",\"inLanguage\":\"de\",\"@id\":\"https:\\\/\\\/www.oceanvacances.com\\\/les-marches-en-charente-maritime\\\/#primaryimage\",\"url\":\"https:\\\/\\\/www.oceanvacances.com\\\/wp-content\\\/uploads\\\/2020\\\/06\\\/marche-charente-maritime.jpg\",\"contentUrl\":\"https:\\\/\\\/www.oceanvacances.com\\\/wp-content\\\/uploads\\\/2020\\\/06\\\/marche-charente-maritime.jpg\",\"width\":1000,\"height\":350,\"caption\":\"Marche Charente Maritime\"},{\"@type\":\"BreadcrumbList\",\"@id\":\"https:\\\/\\\/www.oceanvacances.com\\\/les-marches-en-charente-maritime\\\/#breadcrumb\",\"itemListElement\":[{\"@type\":\"ListItem\",\"position\":1,\"name\":\"Home\",\"item\":\"https:\\\/\\\/www.oceanvacances.com\\\/\"},{\"@type\":\"ListItem\",\"position\":2,\"name\":\"Faire le march\u00e9 en Charente Maritime\"}]},{\"@type\":\"WebSite\",\"@id\":\"https:\\\/\\\/www.oceanvacances.com\\\/#website\",\"url\":\"https:\\\/\\\/www.oceanvacances.com\\\/\",\"name\":\"Oc\u00e9an Vacances\",\"description\":\"Votre village vacances pr\u00e8s de Royan\",\"publisher\":{\"@id\":\"https:\\\/\\\/www.oceanvacances.com\\\/#organization\"},\"alternateName\":\"Camping les Embruns d'Ol\u00e9ron\",\"potentialAction\":[{\"@type\":\"SearchAction\",\"target\":{\"@type\":\"EntryPoint\",\"urlTemplate\":\"https:\\\/\\\/www.oceanvacances.com\\\/?s={search_term_string}\"},\"query-input\":{\"@type\":\"PropertyValueSpecification\",\"valueRequired\":true,\"valueName\":\"search_term_string\"}}],\"inLanguage\":\"de\"},{\"@type\":\"Organization\",\"@id\":\"https:\\\/\\\/www.oceanvacances.com\\\/#organization\",\"name\":\"Oc\u00e9an Vacances\",\"url\":\"https:\\\/\\\/www.oceanvacances.com\\\/\",\"logo\":{\"@type\":\"ImageObject\",\"inLanguage\":\"de\",\"@id\":\"https:\\\/\\\/www.oceanvacances.com\\\/#\\\/schema\\\/logo\\\/image\\\/\",\"url\":\"https:\\\/\\\/www.oceanvacances.com\\\/wp-content\\\/uploads\\\/2025\\\/10\\\/ocean-vacances-logo-color.svg\",\"contentUrl\":\"https:\\\/\\\/www.oceanvacances.com\\\/wp-content\\\/uploads\\\/2025\\\/10\\\/ocean-vacances-logo-color.svg\",\"width\":457,\"height\":201,\"caption\":\"Oc\u00e9an Vacances\"},\"image\":{\"@id\":\"https:\\\/\\\/www.oceanvacances.com\\\/#\\\/schema\\\/logo\\\/image\\\/\"},\"sameAs\":[\"https:\\\/\\\/www.facebook.com\\\/oceanvacances\\\/\",\"https:\\\/\\\/www.youtube.com\\\/@Campaldia\",\"https:\\\/\\\/www.instagram.com\\\/campingoceanvacances\\\/\"]},{\"@type\":\"Person\",\"@id\":\"https:\\\/\\\/www.oceanvacances.com\\\/#\\\/schema\\\/person\\\/4d3ca0e4558571a23fefb754071884c8\",\"name\":\"sophie\"}]}<\/script>\n<!-- \/ Yoast SEO plugin. -->","yoast_head_json":{"title":"Liste der sch\u00f6nsten M\u00e4rkte in Charente Maritime","robots":{"index":"index","follow":"follow","max-snippet":"max-snippet:-1","max-image-preview":"max-image-preview:large","max-video-preview":"max-video-preview:-1"},"canonical":"https:\/\/www.oceanvacances.com\/de\/die-markte-in-charente-maritime\/","og_locale":"de_DE","og_type":"article","og_title":"Liste des plus beaux march\u00e9s de Charente Maritime","og_description":"Visiteur de passage ou non, les march\u00e9s sont toujours un incontournable et ce quelle que soit la r\u00e9gion. Vivants, bigarr\u00e9s et empreints d\u2019une v\u00e9ritable authenticit\u00e9, ils animent toujours la vie locale. Les march\u00e9s de Charente-Maritime ne d\u00e9rogent pas \u00e0 la r\u00e8gle. Ils sont une bonne occasion pour tous les gourmets de d\u00e9couvrir les produits du...","og_url":"https:\/\/www.oceanvacances.com\/de\/die-markte-in-charente-maritime\/","og_site_name":"Oc\u00e9an Vacances","article_publisher":"https:\/\/www.facebook.com\/oceanvacances\/","article_published_time":"2020-06-10T09:23:37+00:00","article_modified_time":"2025-11-21T11:09:11+00:00","og_image":[{"width":1000,"height":350,"url":"https:\/\/www.oceanvacances.com\/wp-content\/uploads\/2020\/06\/marche-charente-maritime.jpg","type":"image\/jpeg"}],"author":"sophie","twitter_card":"summary_large_image","twitter_misc":{"Verfasst von":"sophie","Gesch\u00e4tzte Lesezeit":"4\u00a0Minuten"},"schema":{"@context":"https:\/\/schema.org","@graph":[{"@type":"Article","@id":"https:\/\/www.oceanvacances.com\/les-marches-en-charente-maritime\/#article","isPartOf":{"@id":"https:\/\/www.oceanvacances.com\/les-marches-en-charente-maritime\/"},"author":{"name":"sophie","@id":"https:\/\/www.oceanvacances.com\/#\/schema\/person\/4d3ca0e4558571a23fefb754071884c8"},"headline":"Les march\u00e9s en Charente-Maritime","datePublished":"2020-06-10T09:23:37+00:00","dateModified":"2025-11-21T11:09:11+00:00","mainEntityOfPage":{"@id":"https:\/\/www.oceanvacances.com\/les-marches-en-charente-maritime\/"},"wordCount":618,"publisher":{"@id":"https:\/\/www.oceanvacances.com\/#organization"},"image":{"@id":"https:\/\/www.oceanvacances.com\/les-marches-en-charente-maritime\/#primaryimage"},"thumbnailUrl":"https:\/\/www.oceanvacances.com\/wp-content\/uploads\/2020\/06\/marche-charente-maritime.jpg","articleSection":["Blog"],"inLanguage":"de"},{"@type":"WebPage","@id":"https:\/\/www.oceanvacances.com\/les-marches-en-charente-maritime\/","url":"https:\/\/www.oceanvacances.com\/les-marches-en-charente-maritime\/","name":"Liste der sch\u00f6nsten M\u00e4rkte in Charente Maritime","isPartOf":{"@id":"https:\/\/www.oceanvacances.com\/#website"},"primaryImageOfPage":{"@id":"https:\/\/www.oceanvacances.com\/les-marches-en-charente-maritime\/#primaryimage"},"image":{"@id":"https:\/\/www.oceanvacances.com\/les-marches-en-charente-maritime\/#primaryimage"},"thumbnailUrl":"https:\/\/www.oceanvacances.com\/wp-content\/uploads\/2020\/06\/marche-charente-maritime.jpg","datePublished":"2020-06-10T09:23:37+00:00","dateModified":"2025-11-21T11:09:11+00:00","breadcrumb":{"@id":"https:\/\/www.oceanvacances.com\/les-marches-en-charente-maritime\/#breadcrumb"},"inLanguage":"de","potentialAction":[{"@type":"ReadAction","target":["https:\/\/www.oceanvacances.com\/les-marches-en-charente-maritime\/"]}]},{"@type":"ImageObject","inLanguage":"de","@id":"https:\/\/www.oceanvacances.com\/les-marches-en-charente-maritime\/#primaryimage","url":"https:\/\/www.oceanvacances.com\/wp-content\/uploads\/2020\/06\/marche-charente-maritime.jpg","contentUrl":"https:\/\/www.oceanvacances.com\/wp-content\/uploads\/2020\/06\/marche-charente-maritime.jpg","width":1000,"height":350,"caption":"Marche Charente Maritime"},{"@type":"BreadcrumbList","@id":"https:\/\/www.oceanvacances.com\/les-marches-en-charente-maritime\/#breadcrumb","itemListElement":[{"@type":"ListItem","position":1,"name":"Home","item":"https:\/\/www.oceanvacances.com\/"},{"@type":"ListItem","position":2,"name":"Faire le march\u00e9 en Charente Maritime"}]},{"@type":"WebSite","@id":"https:\/\/www.oceanvacances.com\/#website","url":"https:\/\/www.oceanvacances.com\/","name":"Ocean Vacances","description":"Ihr Feriendorf in der N\u00e4he von Royan","publisher":{"@id":"https:\/\/www.oceanvacances.com\/#organization"},"alternateName":"Camping les Embruns d'Ol\u00e9ron","potentialAction":[{"@type":"SearchAction","target":{"@type":"EntryPoint","urlTemplate":"https:\/\/www.oceanvacances.com\/?s={search_term_string}"},"query-input":{"@type":"PropertyValueSpecification","valueRequired":true,"valueName":"search_term_string"}}],"inLanguage":"de"},{"@type":"Organization","@id":"https:\/\/www.oceanvacances.com\/#organization","name":"Ocean Vacances","url":"https:\/\/www.oceanvacances.com\/","logo":{"@type":"ImageObject","inLanguage":"de","@id":"https:\/\/www.oceanvacances.com\/#\/schema\/logo\/image\/","url":"https:\/\/www.oceanvacances.com\/wp-content\/uploads\/2025\/10\/ocean-vacances-logo-color.svg","contentUrl":"https:\/\/www.oceanvacances.com\/wp-content\/uploads\/2025\/10\/ocean-vacances-logo-color.svg","width":457,"height":201,"caption":"Oc\u00e9an Vacances"},"image":{"@id":"https:\/\/www.oceanvacances.com\/#\/schema\/logo\/image\/"},"sameAs":["https:\/\/www.facebook.com\/oceanvacances\/","https:\/\/www.youtube.com\/@Campaldia","https:\/\/www.instagram.com\/campingoceanvacances\/"]},{"@type":"Person","@id":"https:\/\/www.oceanvacances.com\/#\/schema\/person\/4d3ca0e4558571a23fefb754071884c8","name":"sophie"}]}},"_links":{"self":[{"href":"https:\/\/www.oceanvacances.com\/de\/wp-json\/wp\/v2\/posts\/3623","targetHints":{"allow":["GET"]}}],"collection":[{"href":"https:\/\/www.oceanvacances.com\/de\/wp-json\/wp\/v2\/posts"}],"about":[{"href":"https:\/\/www.oceanvacances.com\/de\/wp-json\/wp\/v2\/types\/post"}],"author":[{"embeddable":true,"href":"https:\/\/www.oceanvacances.com\/de\/wp-json\/wp\/v2\/users\/11"}],"replies":[{"embeddable":true,"href":"https:\/\/www.oceanvacances.com\/de\/wp-json\/wp\/v2\/comments?post=3623"}],"version-history":[{"count":1,"href":"https:\/\/www.oceanvacances.com\/de\/wp-json\/wp\/v2\/posts\/3623\/revisions"}],"predecessor-version":[{"id":9009,"href":"https:\/\/www.oceanvacances.com\/de\/wp-json\/wp\/v2\/posts\/3623\/revisions\/9009"}],"wp:featuredmedia":[{"embeddable":true,"href":"https:\/\/www.oceanvacances.com\/de\/wp-json\/wp\/v2\/media\/3672"}],"wp:attachment":[{"href":"https:\/\/www.oceanvacances.com\/de\/wp-json\/wp\/v2\/media?parent=3623"}],"wp:term":[{"taxonomy":"category","embeddable":true,"href":"https:\/\/www.oceanvacances.com\/de\/wp-json\/wp\/v2\/categories?post=3623"},{"taxonomy":"post_tag","embeddable":true,"href":"https:\/\/www.oceanvacances.com\/de\/wp-json\/wp\/v2\/tags?post=3623"}],"curies":[{"name":"wp","href":"https:\/\/api.w.org\/{rel}","templated":true}]}}