{"id":3622,"date":"2020-06-10T11:23:25","date_gmt":"2020-06-10T09:23:25","guid":{"rendered":"https:\/\/www.oceanvacances.com\/?p=3622"},"modified":"2025-11-21T12:09:11","modified_gmt":"2025-11-21T11:09:11","slug":"von-marennes-nach-royan-mit-dem-rad","status":"publish","type":"post","link":"https:\/\/www.oceanvacances.com\/de\/von-marennes-nach-royan-mit-dem-rad\/","title":{"rendered":"Mit dem Fahrrad von Marennes nach Royan: eine unvergessliche Reise"},"content":{"rendered":"<p>Machen Sie eine sch\u00f6ne \u00dcberfahrt in <strong>Fahrrad zwischen Marennes und Royan.<\/strong> Landschaften mit Salzg\u00e4rten, Entdeckung der Seudre-M\u00fcndung... Treten Sie zwischen Land und Meer auf der Veloroute in die Pedale, einem Radweg, der durch den Wald von La Coubre bis nach Palmyre f\u00fchrt. Mit der k\u00f6rperlichen Anstrengung, dem berauschenden Gef\u00fchl der Geschwindigkeit, dem Duft der Kiefern und dem herrlichen Jodgeruch des Meeres ist es <a href=\"\/de\/camping-charente-maritime\/\">eine Reise in die Charente-Maritime<\/a> die Ihnen zweifellos in Erinnerung bleiben wird. Halten Sie an, lassen Sie Ihr Fahrrad f\u00fcr einen Moment stehen und genie\u00dfen Sie einen Sprung ins Wasser an einem der Str\u00e4nde der C\u00f4te Sauvage, an dem Sie Folgendes finden <a href=\"\/de\/blog\/die-strande-von-saint-palais-sur-mer\/\">die sch\u00f6nsten Str\u00e4nde der Region<\/a>. Dank der<strong>a V\u00e9lodyss\u00e9e<\/strong>, ist eine au\u00dfergew\u00f6hnliche Fahrradtour nach <a href=\"\/de\/urlaub-royan\/\">Royan<\/a> inmitten der Natur, die Sie erwartet, mit einem fantastischen Ausblick auf das Meer und die herrlichen Str\u00e4nde.<br \/>\nDie <a href=\"\/de\/camping-royan\/\">Campingplatz Royan<\/a> k\u00f6nnen Sie die Umgebung ganz einfach mit dem Fahrrad erkunden.<\/p>\n<h2>Die Fahrradroute von Marennes nach La Palmyre<\/h2>\n<p><strong>Ihre Fahrradtour entlang der K\u00fcste<\/strong> ist eine gute Gelegenheit, um Austernz\u00fcchtern zu begegnen und ein gutes Dutzend Austern aus Marennes-Ol\u00e9ron mit einem Gl\u00e4schen Wei\u00dfwein aus der Charente zu probieren. Setzen Sie Ihre Reise fort und besuchen Sie die <a href=\"https:\/\/www.oceanvacances.com\/de\/blog\/die-stadt-lhuitre\/\">Stadt der Auster<\/a> oder halten Sie an, um den Glockenturm der Kirche von Marennes zu besichtigen, der einen privilegierten Blick auf <a href=\"https:\/\/www.lavelodyssee.com\/pratique\/incontournables\/estuaire-seudre\" target=\"_blank\" rel=\"noopener noreferrer\">die Seudre-M\u00fcndung<\/a>.<\/p>\n<h3>Ausgang von Marennes<\/h3>\n<p>Verlassen Sie Marennes \u00fcber einen Radweg am Rande der Stra\u00dfe D728 in Richtung La Tremblade. Seien Sie vorsichtig, wenn Sie die Br\u00fccke \u00fcber den Fluss La Seudre \u00fcberqueren.<\/p>\n<p>Sie k\u00f6nnen durch Saint-Just-Luzac fahren, um die Moulin des Loges zu entdecken. Hier k\u00f6nnen Sie eine F\u00fchrung durch diese malerische Gezeitenm\u00fchle machen, das \u00d6komuseum besuchen oder mehr \u00fcber seine Aktivit\u00e4ten erfahren.<\/p>\n<p>In La Tremblade k\u00f6nnen Sie Ihr Fahrrad ruhig stehen lassen und in den erstaunlichen M\u00f6wenzug einsteigen, der nicht weit von La V\u00e9lodyss\u00e9e entfernt ist. Es handelt sich um die \u00e4lteste Dampflokomotive des Landes, die \u00fcbrigens unter Denkmalschutz steht. Genie\u00dfen Sie eine Fahrt mit 30 km\/h nach Saujon an der Seudre-M\u00fcndung, wie im 19. Jahrhundert!<\/p>\n<p>Wenn Sie nach La Tremblade zur\u00fcckkehren, setzen Sie Ihr Fahrradabenteuer zum Strand La C\u00e8pe mit seinem Panoramablick auf die Insel Ol\u00e9ron fort und besuchen Sie anschlie\u00dfend den Strand Pointe Espagnole.<\/p>\n<h3>Durchquerung des Waldes von La Coubre<\/h3>\n<p>Wenn Sie im Wald von La Coubre angekommen sind, fahren Sie auf dem Radweg weiter, der durch dieses Waldmassiv f\u00fchrt, um La Palmyre zu erreichen. Genie\u00dfen Sie die Landschaft mit ihren Strandkiefern. Nach <a href=\"\/de\/blog\/der-leuchtturm-von-la-coubre\/\" target=\"_blank\" rel=\"noopener noreferrer\">der Leuchtturm von La Coubre<\/a>, In der Bucht von Bonne Anse, einem wundersch\u00f6nen, unber\u00fchrten Naturgebiet, das sich hervorragend zur Vogelbeobachtung eignet, k\u00f6nnen Sie die Bucht von Bonne Anse entdecken. Diese Lagune ist eine der beeindruckendsten an der K\u00fcste der Charente.<\/p>\n<p>Wenn Sie in Palmyre angekommen sind und die Stadt verlassen, folgen Sie dem gr\u00fcnen Weg, der Sie an die K\u00fcste gebracht hat. Achten Sie auf die Rutschgefahr, da die Wege von Zeit zu Zeit mit Sand bedeckt sein k\u00f6nnen.<\/p>\n<h2>Von La Palmyre nach Saint-Palais-sur-Mer und Royan<\/h2>\n<p>Der n\u00e4chste Schritt auf Ihrer Fahrradroute ist die Durchquerung von <a href=\"\/de\/camping-saint-palais-sur-mer\/\" target=\"_blank\" rel=\"noopener noreferrer\">Saint-Palais-sur-Mer<\/a> dann von Royan.<\/p>\n<h3>Entdeckung von Saint-Palais-sur-Mer und seinen Str\u00e4nden<\/h3>\n<p>Sowohl in Saint-Palais-sur-Mer als auch in Royan m\u00fcssen Sie sich auf den oft \u00fcberf\u00fcllten Radwegen, die sich auf den Gehwegen befinden, einen Weg bahnen. Weichen Sie in diesem Fall aus, indem Sie Ihre Fahrt auf der meist ruhigen Fahrbahn des Autoverkehrs fortsetzen.<\/p>\n<p>Wenn Sie in Saint-Palais-sur-Mer angekommen sind, fahren Sie zu den Str\u00e4nden der Stadt mit ihrem feinen Sand. Jeder Strand ist einfach wundersch\u00f6n und einen Umweg wert. Eine gute Gelegenheit, vom Fahrrad abzusteigen und eine wohlverdiente Pause zwischen Baden und Faulenzen zu machen! Saint-Palais-sur-Mer, das ist auch jedes Jahr im Sommer das Festival Crescendo, bei dem Prog-Rock-Konzerte stattfinden. Musikbegeisterte Radfahrer k\u00f6nnen auch am <a href=\"\/de\/blog\/eine-geige-auf-dem-sand\/\">festival Un Violon sur le Sable in Royan<\/a>.<\/p>\n<p>Nachdem Sie Ihr Fahrrad wieder eingepackt haben, k\u00f6nnen Sie einen Abstecher zum Leuchtturm von Cordouan auf dem offenen Meer machen, dem allerletzten Leuchtturm, der auf der Erde gebaut wurde. Und wenn Sie gerne an den Feierlichkeiten der Sommersaison teilnehmen, besuchen Sie die Remont\u00e9e de la Seudre, eine lokale Veranstaltung, die im September stattfindet.<\/p>\n<p>Fahren Sie anschlie\u00dfend in Richtung Royan. Von Saint-Palais-sur-Mer bis zu Ihrem Endziel sind es etwas mehr als 4 km, die Sie mit dem Fahrrad zur\u00fccklegen k\u00f6nnen.<\/p>\n<h3>Ende der Fahrrad-Odyssee von Marennes nach Royan: die Ankunft<\/h3>\n<p>Die Kreuzungen in Royan sollten besonders beachtet werden, wenn Sie zum Bahnhof gehen, da sie auf dem Boulevard de la R\u00e9publique, dem Place Gantier oder dem Cours de l'Europe sehr belebt sind. Wenn Sie dort angekommen sind, sollten Sie am Grande Conche, dem \u00fcber 2,5 km langen Strand, baden gehen. Dies ist eine gute Gelegenheit, die typischen Strandh\u00fctten, denen Sie begegnen werden, zu verewigen.<\/p>\n<p>Sie k\u00f6nnen sich auch eine willkommene Pause im Thalazur, einer Einrichtung f\u00fcr Thalassotherapie, g\u00f6nnen. G\u00f6nnen Sie sich <a href=\"\/de\/blog\/das-thalasso-in-royan\/\">eine Thalassositzung<\/a> unter den verschiedenen Kuren, die das Zentrum anbietet. Entspannung, Erholung und Wohlbefinden stehen auf dem Programm und sorgen f\u00fcr magische Momente, die Sie nach so vielen Kilometern auf dem Fahrrad genie\u00dfen k\u00f6nnen!<\/p>\n<p>F\u00fcr die R\u00fcckfahrt, wenn Sie nicht wieder einsteigen wollen <strong>die Fahrradroute<\/strong>, Sie k\u00f6nnen auch mit der Bahn zur\u00fcckfahren. Mit dem Zug k\u00f6nnen Sie die Stadtzentren von La Tremblade und La Palmyre erreichen. Am Bahnhof von Royan k\u00f6nnen Sie im TER nach Niort und im Intercity nach Paris (nur in der Sommersaison) Ihr Fahrrad mit an Bord nehmen. Informieren Sie sich auf der SNCF-Website, da die Anzahl der Pl\u00e4tze begrenzt und reglementiert ist.<\/p>\n<p><iframe loading=\"lazy\" src=\"https:\/\/www.youtube.com\/embed\/09Gntk6RVp0\" width=\"100%\" height=\"315\" frameborder=\"0\" allowfullscreen=\"allowfullscreen\"><\/iframe><\/p>","protected":false},"excerpt":{"rendered":"<p>R\u00e9alisez une belle travers\u00e9e \u00e0 v\u00e9lo entre Marennes et Royan. Paysages de marais salants, d\u00e9couverte de l\u2019estuaire de la Seudre\u2026 Entre terre et mer, p\u00e9dalez sur la v\u00e9loroute, piste cyclable passant par la for\u00eat de La Coubre, jusqu\u2019\u00e0 Palmyre. Avec l\u2019effort physique, la sensation grisante de la vitesse, le parfum des pins et la d\u00e9licieuse&#8230;<\/p>","protected":false},"author":11,"featured_media":3674,"comment_status":"closed","ping_status":"closed","sticky":false,"template":"","format":"standard","meta":{"_acf_changed":false,"inline_featured_image":false,"footnotes":""},"categories":[1],"tags":[],"class_list":["post-3622","post","type-post","status-publish","format-standard","has-post-thumbnail","hentry","category-blog"],"acf":[],"yoast_head":"<!-- This site is optimized with the Yoast SEO plugin v27.5 - https:\/\/yoast.com\/product\/yoast-seo-wordpress\/ -->\n<title>Randonn\u00e9e \u00e0 v\u00e9lo de Marennes \u00e0 Royan : piste cyclable et v\u00e9loroute<\/title>\n<meta name=\"robots\" content=\"index, follow, max-snippet:-1, max-image-preview:large, max-video-preview:-1\" \/>\n<link rel=\"canonical\" href=\"https:\/\/www.oceanvacances.com\/de\/von-marennes-nach-royan-mit-dem-rad\/\" \/>\n<meta property=\"og:locale\" content=\"de_DE\" \/>\n<meta property=\"og:type\" content=\"article\" \/>\n<meta property=\"og:title\" content=\"Randonn\u00e9e \u00e0 v\u00e9lo de Marennes \u00e0 Royan : piste cyclable et v\u00e9loroute\" \/>\n<meta property=\"og:description\" content=\"R\u00e9alisez une belle travers\u00e9e \u00e0 v\u00e9lo entre Marennes et Royan. Paysages de marais salants, d\u00e9couverte de l\u2019estuaire de la Seudre\u2026 Entre terre et mer, p\u00e9dalez sur la v\u00e9loroute, piste cyclable passant par la for\u00eat de La Coubre, jusqu\u2019\u00e0 Palmyre. Avec l\u2019effort physique, la sensation grisante de la vitesse, le parfum des pins et la d\u00e9licieuse...\" \/>\n<meta property=\"og:url\" content=\"https:\/\/www.oceanvacances.com\/de\/von-marennes-nach-royan-mit-dem-rad\/\" \/>\n<meta property=\"og:site_name\" content=\"Oc\u00e9an Vacances\" \/>\n<meta property=\"article:publisher\" content=\"https:\/\/www.facebook.com\/oceanvacances\/\" \/>\n<meta property=\"article:published_time\" content=\"2020-06-10T09:23:25+00:00\" \/>\n<meta property=\"article:modified_time\" content=\"2025-11-21T11:09:11+00:00\" \/>\n<meta property=\"og:image\" content=\"https:\/\/www.oceanvacances.com\/wp-content\/uploads\/2020\/06\/marennes-a-royan-en-velo.jpg\" \/>\n\t<meta property=\"og:image:width\" content=\"1000\" \/>\n\t<meta property=\"og:image:height\" content=\"350\" \/>\n\t<meta property=\"og:image:type\" content=\"image\/jpeg\" \/>\n<meta name=\"author\" content=\"sophie\" \/>\n<meta name=\"twitter:card\" content=\"summary_large_image\" \/>\n<meta name=\"twitter:label1\" content=\"Verfasst von\" \/>\n\t<meta name=\"twitter:data1\" content=\"sophie\" \/>\n\t<meta name=\"twitter:label2\" content=\"Gesch\u00e4tzte Lesezeit\" \/>\n\t<meta name=\"twitter:data2\" content=\"5\u00a0Minuten\" \/>\n<script type=\"application\/ld+json\" class=\"yoast-schema-graph\">{\"@context\":\"https:\\\/\\\/schema.org\",\"@graph\":[{\"@type\":\"Article\",\"@id\":\"https:\\\/\\\/www.oceanvacances.com\\\/de-marennes-a-royan-en-velo\\\/#article\",\"isPartOf\":{\"@id\":\"https:\\\/\\\/www.oceanvacances.com\\\/de-marennes-a-royan-en-velo\\\/\"},\"author\":{\"name\":\"sophie\",\"@id\":\"https:\\\/\\\/www.oceanvacances.com\\\/#\\\/schema\\\/person\\\/4d3ca0e4558571a23fefb754071884c8\"},\"headline\":\"De Marennes \u00e0 Royan en v\u00e9lo : un p\u00e9riple inoubliable\",\"datePublished\":\"2020-06-10T09:23:25+00:00\",\"dateModified\":\"2025-11-21T11:09:11+00:00\",\"mainEntityOfPage\":{\"@id\":\"https:\\\/\\\/www.oceanvacances.com\\\/de-marennes-a-royan-en-velo\\\/\"},\"wordCount\":1011,\"publisher\":{\"@id\":\"https:\\\/\\\/www.oceanvacances.com\\\/#organization\"},\"image\":{\"@id\":\"https:\\\/\\\/www.oceanvacances.com\\\/de-marennes-a-royan-en-velo\\\/#primaryimage\"},\"thumbnailUrl\":\"https:\\\/\\\/www.oceanvacances.com\\\/wp-content\\\/uploads\\\/2020\\\/06\\\/marennes-a-royan-en-velo.jpg\",\"articleSection\":[\"Blog\"],\"inLanguage\":\"de\"},{\"@type\":\"WebPage\",\"@id\":\"https:\\\/\\\/www.oceanvacances.com\\\/de-marennes-a-royan-en-velo\\\/\",\"url\":\"https:\\\/\\\/www.oceanvacances.com\\\/de-marennes-a-royan-en-velo\\\/\",\"name\":\"Randonn\u00e9e \u00e0 v\u00e9lo de Marennes \u00e0 Royan : piste cyclable et v\u00e9loroute\",\"isPartOf\":{\"@id\":\"https:\\\/\\\/www.oceanvacances.com\\\/#website\"},\"primaryImageOfPage\":{\"@id\":\"https:\\\/\\\/www.oceanvacances.com\\\/de-marennes-a-royan-en-velo\\\/#primaryimage\"},\"image\":{\"@id\":\"https:\\\/\\\/www.oceanvacances.com\\\/de-marennes-a-royan-en-velo\\\/#primaryimage\"},\"thumbnailUrl\":\"https:\\\/\\\/www.oceanvacances.com\\\/wp-content\\\/uploads\\\/2020\\\/06\\\/marennes-a-royan-en-velo.jpg\",\"datePublished\":\"2020-06-10T09:23:25+00:00\",\"dateModified\":\"2025-11-21T11:09:11+00:00\",\"breadcrumb\":{\"@id\":\"https:\\\/\\\/www.oceanvacances.com\\\/de-marennes-a-royan-en-velo\\\/#breadcrumb\"},\"inLanguage\":\"de\",\"potentialAction\":[{\"@type\":\"ReadAction\",\"target\":[\"https:\\\/\\\/www.oceanvacances.com\\\/de-marennes-a-royan-en-velo\\\/\"]}]},{\"@type\":\"ImageObject\",\"inLanguage\":\"de\",\"@id\":\"https:\\\/\\\/www.oceanvacances.com\\\/de-marennes-a-royan-en-velo\\\/#primaryimage\",\"url\":\"https:\\\/\\\/www.oceanvacances.com\\\/wp-content\\\/uploads\\\/2020\\\/06\\\/marennes-a-royan-en-velo.jpg\",\"contentUrl\":\"https:\\\/\\\/www.oceanvacances.com\\\/wp-content\\\/uploads\\\/2020\\\/06\\\/marennes-a-royan-en-velo.jpg\",\"width\":1000,\"height\":350,\"caption\":\"Marennes A Royan En Velo\"},{\"@type\":\"BreadcrumbList\",\"@id\":\"https:\\\/\\\/www.oceanvacances.com\\\/de-marennes-a-royan-en-velo\\\/#breadcrumb\",\"itemListElement\":[{\"@type\":\"ListItem\",\"position\":1,\"name\":\"Home\",\"item\":\"https:\\\/\\\/www.oceanvacances.com\\\/\"},{\"@type\":\"ListItem\",\"position\":2,\"name\":\"Marennes \u00e0 Royan en v\u00e9lo\"}]},{\"@type\":\"WebSite\",\"@id\":\"https:\\\/\\\/www.oceanvacances.com\\\/#website\",\"url\":\"https:\\\/\\\/www.oceanvacances.com\\\/\",\"name\":\"Oc\u00e9an Vacances\",\"description\":\"Votre village vacances pr\u00e8s de Royan\",\"publisher\":{\"@id\":\"https:\\\/\\\/www.oceanvacances.com\\\/#organization\"},\"alternateName\":\"Camping les Embruns d'Ol\u00e9ron\",\"potentialAction\":[{\"@type\":\"SearchAction\",\"target\":{\"@type\":\"EntryPoint\",\"urlTemplate\":\"https:\\\/\\\/www.oceanvacances.com\\\/?s={search_term_string}\"},\"query-input\":{\"@type\":\"PropertyValueSpecification\",\"valueRequired\":true,\"valueName\":\"search_term_string\"}}],\"inLanguage\":\"de\"},{\"@type\":\"Organization\",\"@id\":\"https:\\\/\\\/www.oceanvacances.com\\\/#organization\",\"name\":\"Oc\u00e9an Vacances\",\"url\":\"https:\\\/\\\/www.oceanvacances.com\\\/\",\"logo\":{\"@type\":\"ImageObject\",\"inLanguage\":\"de\",\"@id\":\"https:\\\/\\\/www.oceanvacances.com\\\/#\\\/schema\\\/logo\\\/image\\\/\",\"url\":\"https:\\\/\\\/www.oceanvacances.com\\\/wp-content\\\/uploads\\\/2025\\\/10\\\/ocean-vacances-logo-color.svg\",\"contentUrl\":\"https:\\\/\\\/www.oceanvacances.com\\\/wp-content\\\/uploads\\\/2025\\\/10\\\/ocean-vacances-logo-color.svg\",\"width\":457,\"height\":201,\"caption\":\"Oc\u00e9an Vacances\"},\"image\":{\"@id\":\"https:\\\/\\\/www.oceanvacances.com\\\/#\\\/schema\\\/logo\\\/image\\\/\"},\"sameAs\":[\"https:\\\/\\\/www.facebook.com\\\/oceanvacances\\\/\",\"https:\\\/\\\/www.youtube.com\\\/@Campaldia\",\"https:\\\/\\\/www.instagram.com\\\/campingoceanvacances\\\/\"]},{\"@type\":\"Person\",\"@id\":\"https:\\\/\\\/www.oceanvacances.com\\\/#\\\/schema\\\/person\\\/4d3ca0e4558571a23fefb754071884c8\",\"name\":\"sophie\"}]}<\/script>\n<!-- \/ Yoast SEO plugin. -->","yoast_head_json":{"title":"Radtour von Marennes nach Royan: Radweg und Veloroute","robots":{"index":"index","follow":"follow","max-snippet":"max-snippet:-1","max-image-preview":"max-image-preview:large","max-video-preview":"max-video-preview:-1"},"canonical":"https:\/\/www.oceanvacances.com\/de\/von-marennes-nach-royan-mit-dem-rad\/","og_locale":"de_DE","og_type":"article","og_title":"Randonn\u00e9e \u00e0 v\u00e9lo de Marennes \u00e0 Royan : piste cyclable et v\u00e9loroute","og_description":"R\u00e9alisez une belle travers\u00e9e \u00e0 v\u00e9lo entre Marennes et Royan. Paysages de marais salants, d\u00e9couverte de l\u2019estuaire de la Seudre\u2026 Entre terre et mer, p\u00e9dalez sur la v\u00e9loroute, piste cyclable passant par la for\u00eat de La Coubre, jusqu\u2019\u00e0 Palmyre. Avec l\u2019effort physique, la sensation grisante de la vitesse, le parfum des pins et la d\u00e9licieuse...","og_url":"https:\/\/www.oceanvacances.com\/de\/von-marennes-nach-royan-mit-dem-rad\/","og_site_name":"Oc\u00e9an Vacances","article_publisher":"https:\/\/www.facebook.com\/oceanvacances\/","article_published_time":"2020-06-10T09:23:25+00:00","article_modified_time":"2025-11-21T11:09:11+00:00","og_image":[{"width":1000,"height":350,"url":"https:\/\/www.oceanvacances.com\/wp-content\/uploads\/2020\/06\/marennes-a-royan-en-velo.jpg","type":"image\/jpeg"}],"author":"sophie","twitter_card":"summary_large_image","twitter_misc":{"Verfasst von":"sophie","Gesch\u00e4tzte Lesezeit":"5\u00a0Minuten"},"schema":{"@context":"https:\/\/schema.org","@graph":[{"@type":"Article","@id":"https:\/\/www.oceanvacances.com\/de-marennes-a-royan-en-velo\/#article","isPartOf":{"@id":"https:\/\/www.oceanvacances.com\/de-marennes-a-royan-en-velo\/"},"author":{"name":"sophie","@id":"https:\/\/www.oceanvacances.com\/#\/schema\/person\/4d3ca0e4558571a23fefb754071884c8"},"headline":"De Marennes \u00e0 Royan en v\u00e9lo : un p\u00e9riple inoubliable","datePublished":"2020-06-10T09:23:25+00:00","dateModified":"2025-11-21T11:09:11+00:00","mainEntityOfPage":{"@id":"https:\/\/www.oceanvacances.com\/de-marennes-a-royan-en-velo\/"},"wordCount":1011,"publisher":{"@id":"https:\/\/www.oceanvacances.com\/#organization"},"image":{"@id":"https:\/\/www.oceanvacances.com\/de-marennes-a-royan-en-velo\/#primaryimage"},"thumbnailUrl":"https:\/\/www.oceanvacances.com\/wp-content\/uploads\/2020\/06\/marennes-a-royan-en-velo.jpg","articleSection":["Blog"],"inLanguage":"de"},{"@type":"WebPage","@id":"https:\/\/www.oceanvacances.com\/de-marennes-a-royan-en-velo\/","url":"https:\/\/www.oceanvacances.com\/de-marennes-a-royan-en-velo\/","name":"Radtour von Marennes nach Royan: Radweg und Veloroute","isPartOf":{"@id":"https:\/\/www.oceanvacances.com\/#website"},"primaryImageOfPage":{"@id":"https:\/\/www.oceanvacances.com\/de-marennes-a-royan-en-velo\/#primaryimage"},"image":{"@id":"https:\/\/www.oceanvacances.com\/de-marennes-a-royan-en-velo\/#primaryimage"},"thumbnailUrl":"https:\/\/www.oceanvacances.com\/wp-content\/uploads\/2020\/06\/marennes-a-royan-en-velo.jpg","datePublished":"2020-06-10T09:23:25+00:00","dateModified":"2025-11-21T11:09:11+00:00","breadcrumb":{"@id":"https:\/\/www.oceanvacances.com\/de-marennes-a-royan-en-velo\/#breadcrumb"},"inLanguage":"de","potentialAction":[{"@type":"ReadAction","target":["https:\/\/www.oceanvacances.com\/de-marennes-a-royan-en-velo\/"]}]},{"@type":"ImageObject","inLanguage":"de","@id":"https:\/\/www.oceanvacances.com\/de-marennes-a-royan-en-velo\/#primaryimage","url":"https:\/\/www.oceanvacances.com\/wp-content\/uploads\/2020\/06\/marennes-a-royan-en-velo.jpg","contentUrl":"https:\/\/www.oceanvacances.com\/wp-content\/uploads\/2020\/06\/marennes-a-royan-en-velo.jpg","width":1000,"height":350,"caption":"Marennes A Royan En Velo"},{"@type":"BreadcrumbList","@id":"https:\/\/www.oceanvacances.com\/de-marennes-a-royan-en-velo\/#breadcrumb","itemListElement":[{"@type":"ListItem","position":1,"name":"Home","item":"https:\/\/www.oceanvacances.com\/"},{"@type":"ListItem","position":2,"name":"Marennes \u00e0 Royan en v\u00e9lo"}]},{"@type":"WebSite","@id":"https:\/\/www.oceanvacances.com\/#website","url":"https:\/\/www.oceanvacances.com\/","name":"Ocean Vacances","description":"Ihr Feriendorf in der N\u00e4he von Royan","publisher":{"@id":"https:\/\/www.oceanvacances.com\/#organization"},"alternateName":"Camping les Embruns d'Ol\u00e9ron","potentialAction":[{"@type":"SearchAction","target":{"@type":"EntryPoint","urlTemplate":"https:\/\/www.oceanvacances.com\/?s={search_term_string}"},"query-input":{"@type":"PropertyValueSpecification","valueRequired":true,"valueName":"search_term_string"}}],"inLanguage":"de"},{"@type":"Organization","@id":"https:\/\/www.oceanvacances.com\/#organization","name":"Ocean Vacances","url":"https:\/\/www.oceanvacances.com\/","logo":{"@type":"ImageObject","inLanguage":"de","@id":"https:\/\/www.oceanvacances.com\/#\/schema\/logo\/image\/","url":"https:\/\/www.oceanvacances.com\/wp-content\/uploads\/2025\/10\/ocean-vacances-logo-color.svg","contentUrl":"https:\/\/www.oceanvacances.com\/wp-content\/uploads\/2025\/10\/ocean-vacances-logo-color.svg","width":457,"height":201,"caption":"Oc\u00e9an Vacances"},"image":{"@id":"https:\/\/www.oceanvacances.com\/#\/schema\/logo\/image\/"},"sameAs":["https:\/\/www.facebook.com\/oceanvacances\/","https:\/\/www.youtube.com\/@Campaldia","https:\/\/www.instagram.com\/campingoceanvacances\/"]},{"@type":"Person","@id":"https:\/\/www.oceanvacances.com\/#\/schema\/person\/4d3ca0e4558571a23fefb754071884c8","name":"sophie"}]}},"_links":{"self":[{"href":"https:\/\/www.oceanvacances.com\/de\/wp-json\/wp\/v2\/posts\/3622","targetHints":{"allow":["GET"]}}],"collection":[{"href":"https:\/\/www.oceanvacances.com\/de\/wp-json\/wp\/v2\/posts"}],"about":[{"href":"https:\/\/www.oceanvacances.com\/de\/wp-json\/wp\/v2\/types\/post"}],"author":[{"embeddable":true,"href":"https:\/\/www.oceanvacances.com\/de\/wp-json\/wp\/v2\/users\/11"}],"replies":[{"embeddable":true,"href":"https:\/\/www.oceanvacances.com\/de\/wp-json\/wp\/v2\/comments?post=3622"}],"version-history":[{"count":1,"href":"https:\/\/www.oceanvacances.com\/de\/wp-json\/wp\/v2\/posts\/3622\/revisions"}],"predecessor-version":[{"id":9010,"href":"https:\/\/www.oceanvacances.com\/de\/wp-json\/wp\/v2\/posts\/3622\/revisions\/9010"}],"wp:featuredmedia":[{"embeddable":true,"href":"https:\/\/www.oceanvacances.com\/de\/wp-json\/wp\/v2\/media\/3674"}],"wp:attachment":[{"href":"https:\/\/www.oceanvacances.com\/de\/wp-json\/wp\/v2\/media?parent=3622"}],"wp:term":[{"taxonomy":"category","embeddable":true,"href":"https:\/\/www.oceanvacances.com\/de\/wp-json\/wp\/v2\/categories?post=3622"},{"taxonomy":"post_tag","embeddable":true,"href":"https:\/\/www.oceanvacances.com\/de\/wp-json\/wp\/v2\/tags?post=3622"}],"curies":[{"name":"wp","href":"https:\/\/api.w.org\/{rel}","templated":true}]}}