{"id":3598,"date":"2020-06-09T17:08:45","date_gmt":"2020-06-09T15:08:45","guid":{"rendered":"https:\/\/www.oceanvacances.com\/?p=3598"},"modified":"2025-11-21T12:09:26","modified_gmt":"2025-11-21T11:09:26","slug":"der-leuchtturm-von-la-coubre","status":"publish","type":"post","link":"https:\/\/www.oceanvacances.com\/de\/der-leuchtturm-von-la-coubre\/","title":{"rendered":"Der Leuchtturm von La Coubre: ein au\u00dfergew\u00f6hnliches Seefahrtsdenkmal"},"content":{"rendered":"<p>Innerhalb von 30 km <a href=\"\/de\/\">von Oc\u00e9an Vacances<\/a>, Besuchen Sie den Phare de La Coubre in Tremblade, n\u00f6rdlich der Gironde-M\u00fcndung. Mit einer H\u00f6he von 64 Metern ist er der gr\u00f6\u00dfte Leuchtturm der Region Charente. Steigen Sie mehrere hundert Stufen dieses seit 2011 unter Denkmalschutz stehenden Geb\u00e4udes hinauf, um oben anzukommen und so einen herrlichen 360\u00b0-Blick auf die Umgebung zu genie\u00dfen. Sie k\u00f6nnen den Phare de la Coubre auch aus einem anderen Blickwinkel an Bord einer <a href=\"https:\/\/www.oceanvacances.com\/de\/blog\/bootsfahrten-in-royan\/\">Bootsfahrt in Royan<\/a> !<\/p>\n<h2>Kurze Geschichte des Leuchtturms von La Coubre<\/h2>\n<p>Die Pointe de la Coubre, an der sich der Leuchtturm befindet, ist einer der gef\u00e4hrlichsten Orte f\u00fcr segelnde Schiffe: Aufgrund der unsichtbaren Sandb\u00e4nke sind in der Vergangenheit Schiffe gesunken. Die Kennzeichnung der K\u00fcsten mithilfe von Leuchtt\u00fcrmen erfolgte ab dem 17. Zwei Leuchtt\u00fcrme entstanden, aber die K\u00fcstenerosion zwang zum Bau eines neuen. So wurde der heutige Leuchtturm La Coubre 1904 weniger als 2 km vom Ozean entfernt errichtet, bevor er 1905 in Betrieb genommen wurde. Die Reichweite seines Lichts betr\u00e4gt 52 km, was ihn zu einem der st\u00e4rksten Leuchtt\u00fcrme des Landes macht.<\/p>\n<h2>Ein fabelhaftes Panorama<\/h2>\n<p>Der Aufstieg zur Spitze des Leuchtturms ist keine leichte Aufgabe! Sie m\u00fcssen Ihren Atem sparen, um die 300 Stufen der Treppe zu bew\u00e4ltigen. Oben angekommen, bietet sich Ihnen ein beeindruckendes Bild der Umgebung: der Leuchtturm von Cordouan, die Halbinsel Arvert, die wilde K\u00fcste von La Tremblade, der Wald von La Coubre... Sie k\u00f6nnen sogar die Insel Ol\u00e9ron etwas weiter n\u00f6rdlich erblicken. Kurz gesagt, es ist ein au\u00dfergew\u00f6hnliches Panorama, das sich dem Blick offenbart und das Ihren Urlaub in <a href=\"\/de\/camping-royan\/\">Campingplatz Royan<\/a>.<\/p>\n<h2>Das Museum des Leuchtturms von La Coubre<\/h2>\n<p>Nach dem Aufstieg, <a href=\"https:\/\/www.pharedelacoubre.fr\/\" target=\"_blank\" rel=\"noopener noreferrer\">besichtigen Sie das Innere des Leuchtturms von La Coubre<\/a> der ein Museum beherbergt, das n\u00fctzlich ist, um seine Funktionsweise kennenzulernen. In vier R\u00e4umen wird die Geschichte der Leuchtt\u00fcrme erz\u00e4hlt und die spezielle Ausr\u00fcstung f\u00fcr ihren Einsatz ausgestellt. F\u00fcr die Kleinsten gibt es ein sympathisches Heft mit unterhaltsamen Spielen, die den Besuch abrunden.<\/p>\n<p>Da der Leuchtturm das ganze Jahr \u00fcber belebt wird, finden Sie hier auch tempor\u00e4re Ausstellungen und abends kommentierte F\u00fchrungen. In der Boutique des Leuchtturms finden Sie Hunderte von Souvenirs, die Sie als Andenken an Ihren Besuch des Leuchtturms von La Coubre kaufen k\u00f6nnen.<\/p>\n<p><iframe loading=\"lazy\" src=\"https:\/\/www.youtube.com\/embed\/6UTb-FrqcNM\" width=\"100%\" height=\"315\" frameborder=\"0\" allowfullscreen=\"allowfullscreen\"><\/iframe><\/p>","protected":false},"excerpt":{"rendered":"<p>A moins de 30 km d\u2019Oc\u00e9an Vacances, venez d\u00e9couvrir le Phare de La Coubre, \u00e0 Tremblade, au nord de l\u2019estuaire de la Gironde. D\u2019une hauteur de 64 m\u00e8tres, c\u2019est le plus grand phare du pays charentais. Montez plusieurs centaines de marches de cet \u00e9difice class\u00e9 monument historique depuis 2011 pour arriver en haut et ainsi&#8230;<\/p>","protected":false},"author":11,"featured_media":3613,"comment_status":"closed","ping_status":"closed","sticky":false,"template":"","format":"standard","meta":{"_acf_changed":false,"inline_featured_image":false,"footnotes":""},"categories":[1],"tags":[],"class_list":["post-3598","post","type-post","status-publish","format-standard","has-post-thumbnail","hentry","category-blog"],"acf":[],"yoast_head":"<!-- This site is optimized with the Yoast SEO plugin v27.5 - https:\/\/yoast.com\/product\/yoast-seo-wordpress\/ -->\n<title>Visiter le phare de la Coubre \u00e0 Tremblade dans l&#039;estuaire de la Gironed<\/title>\n<meta name=\"robots\" content=\"index, follow, max-snippet:-1, max-image-preview:large, max-video-preview:-1\" \/>\n<link rel=\"canonical\" href=\"https:\/\/www.oceanvacances.com\/de\/der-leuchtturm-von-la-coubre\/\" \/>\n<meta property=\"og:locale\" content=\"de_DE\" \/>\n<meta property=\"og:type\" content=\"article\" \/>\n<meta property=\"og:title\" content=\"Visiter le phare de la Coubre \u00e0 Tremblade dans l&#039;estuaire de la Gironed\" \/>\n<meta property=\"og:description\" content=\"A moins de 30 km d\u2019Oc\u00e9an Vacances, venez d\u00e9couvrir le Phare de La Coubre, \u00e0 Tremblade, au nord de l\u2019estuaire de la Gironde. D\u2019une hauteur de 64 m\u00e8tres, c\u2019est le plus grand phare du pays charentais. Montez plusieurs centaines de marches de cet \u00e9difice class\u00e9 monument historique depuis 2011 pour arriver en haut et ainsi...\" \/>\n<meta property=\"og:url\" content=\"https:\/\/www.oceanvacances.com\/de\/der-leuchtturm-von-la-coubre\/\" \/>\n<meta property=\"og:site_name\" content=\"Oc\u00e9an Vacances\" \/>\n<meta property=\"article:publisher\" content=\"https:\/\/www.facebook.com\/oceanvacances\/\" \/>\n<meta property=\"article:published_time\" content=\"2020-06-09T15:08:45+00:00\" \/>\n<meta property=\"article:modified_time\" content=\"2025-11-21T11:09:26+00:00\" \/>\n<meta property=\"og:image\" content=\"https:\/\/www.oceanvacances.com\/wp-content\/uploads\/2020\/06\/phare-de-la-coubre.jpg\" \/>\n\t<meta property=\"og:image:width\" content=\"1000\" \/>\n\t<meta property=\"og:image:height\" content=\"350\" \/>\n\t<meta property=\"og:image:type\" content=\"image\/jpeg\" \/>\n<meta name=\"author\" content=\"sophie\" \/>\n<meta name=\"twitter:card\" content=\"summary_large_image\" \/>\n<meta name=\"twitter:label1\" content=\"Verfasst von\" \/>\n\t<meta name=\"twitter:data1\" content=\"sophie\" \/>\n\t<meta name=\"twitter:label2\" content=\"Gesch\u00e4tzte Lesezeit\" \/>\n\t<meta name=\"twitter:data2\" content=\"3\u00a0Minuten\" \/>\n<script type=\"application\/ld+json\" class=\"yoast-schema-graph\">{\"@context\":\"https:\\\/\\\/schema.org\",\"@graph\":[{\"@type\":\"Article\",\"@id\":\"https:\\\/\\\/www.oceanvacances.com\\\/le-phare-de-la-coubre\\\/#article\",\"isPartOf\":{\"@id\":\"https:\\\/\\\/www.oceanvacances.com\\\/le-phare-de-la-coubre\\\/\"},\"author\":{\"name\":\"sophie\",\"@id\":\"https:\\\/\\\/www.oceanvacances.com\\\/#\\\/schema\\\/person\\\/4d3ca0e4558571a23fefb754071884c8\"},\"headline\":\"Le Phare de La Coubre : un monument maritime d\u2019exception\",\"datePublished\":\"2020-06-09T15:08:45+00:00\",\"dateModified\":\"2025-11-21T11:09:26+00:00\",\"mainEntityOfPage\":{\"@id\":\"https:\\\/\\\/www.oceanvacances.com\\\/le-phare-de-la-coubre\\\/\"},\"wordCount\":439,\"publisher\":{\"@id\":\"https:\\\/\\\/www.oceanvacances.com\\\/#organization\"},\"image\":{\"@id\":\"https:\\\/\\\/www.oceanvacances.com\\\/le-phare-de-la-coubre\\\/#primaryimage\"},\"thumbnailUrl\":\"https:\\\/\\\/www.oceanvacances.com\\\/wp-content\\\/uploads\\\/2020\\\/06\\\/phare-de-la-coubre.jpg\",\"articleSection\":[\"Blog\"],\"inLanguage\":\"de\"},{\"@type\":\"WebPage\",\"@id\":\"https:\\\/\\\/www.oceanvacances.com\\\/le-phare-de-la-coubre\\\/\",\"url\":\"https:\\\/\\\/www.oceanvacances.com\\\/le-phare-de-la-coubre\\\/\",\"name\":\"Visiter le phare de la Coubre \u00e0 Tremblade dans l'estuaire de la Gironed\",\"isPartOf\":{\"@id\":\"https:\\\/\\\/www.oceanvacances.com\\\/#website\"},\"primaryImageOfPage\":{\"@id\":\"https:\\\/\\\/www.oceanvacances.com\\\/le-phare-de-la-coubre\\\/#primaryimage\"},\"image\":{\"@id\":\"https:\\\/\\\/www.oceanvacances.com\\\/le-phare-de-la-coubre\\\/#primaryimage\"},\"thumbnailUrl\":\"https:\\\/\\\/www.oceanvacances.com\\\/wp-content\\\/uploads\\\/2020\\\/06\\\/phare-de-la-coubre.jpg\",\"datePublished\":\"2020-06-09T15:08:45+00:00\",\"dateModified\":\"2025-11-21T11:09:26+00:00\",\"breadcrumb\":{\"@id\":\"https:\\\/\\\/www.oceanvacances.com\\\/le-phare-de-la-coubre\\\/#breadcrumb\"},\"inLanguage\":\"de\",\"potentialAction\":[{\"@type\":\"ReadAction\",\"target\":[\"https:\\\/\\\/www.oceanvacances.com\\\/le-phare-de-la-coubre\\\/\"]}]},{\"@type\":\"ImageObject\",\"inLanguage\":\"de\",\"@id\":\"https:\\\/\\\/www.oceanvacances.com\\\/le-phare-de-la-coubre\\\/#primaryimage\",\"url\":\"https:\\\/\\\/www.oceanvacances.com\\\/wp-content\\\/uploads\\\/2020\\\/06\\\/phare-de-la-coubre.jpg\",\"contentUrl\":\"https:\\\/\\\/www.oceanvacances.com\\\/wp-content\\\/uploads\\\/2020\\\/06\\\/phare-de-la-coubre.jpg\",\"width\":1000,\"height\":350,\"caption\":\"Le Phare De La Coubre\"},{\"@type\":\"BreadcrumbList\",\"@id\":\"https:\\\/\\\/www.oceanvacances.com\\\/le-phare-de-la-coubre\\\/#breadcrumb\",\"itemListElement\":[{\"@type\":\"ListItem\",\"position\":1,\"name\":\"Home\",\"item\":\"https:\\\/\\\/www.oceanvacances.com\\\/\"},{\"@type\":\"ListItem\",\"position\":2,\"name\":\"Le phare de la Coubre \u00e0 Tremblade\"}]},{\"@type\":\"WebSite\",\"@id\":\"https:\\\/\\\/www.oceanvacances.com\\\/#website\",\"url\":\"https:\\\/\\\/www.oceanvacances.com\\\/\",\"name\":\"Oc\u00e9an Vacances\",\"description\":\"Votre village vacances pr\u00e8s de Royan\",\"publisher\":{\"@id\":\"https:\\\/\\\/www.oceanvacances.com\\\/#organization\"},\"alternateName\":\"Camping les Embruns d'Ol\u00e9ron\",\"potentialAction\":[{\"@type\":\"SearchAction\",\"target\":{\"@type\":\"EntryPoint\",\"urlTemplate\":\"https:\\\/\\\/www.oceanvacances.com\\\/?s={search_term_string}\"},\"query-input\":{\"@type\":\"PropertyValueSpecification\",\"valueRequired\":true,\"valueName\":\"search_term_string\"}}],\"inLanguage\":\"de\"},{\"@type\":\"Organization\",\"@id\":\"https:\\\/\\\/www.oceanvacances.com\\\/#organization\",\"name\":\"Oc\u00e9an Vacances\",\"url\":\"https:\\\/\\\/www.oceanvacances.com\\\/\",\"logo\":{\"@type\":\"ImageObject\",\"inLanguage\":\"de\",\"@id\":\"https:\\\/\\\/www.oceanvacances.com\\\/#\\\/schema\\\/logo\\\/image\\\/\",\"url\":\"https:\\\/\\\/www.oceanvacances.com\\\/wp-content\\\/uploads\\\/2025\\\/10\\\/ocean-vacances-logo-color.svg\",\"contentUrl\":\"https:\\\/\\\/www.oceanvacances.com\\\/wp-content\\\/uploads\\\/2025\\\/10\\\/ocean-vacances-logo-color.svg\",\"width\":457,\"height\":201,\"caption\":\"Oc\u00e9an Vacances\"},\"image\":{\"@id\":\"https:\\\/\\\/www.oceanvacances.com\\\/#\\\/schema\\\/logo\\\/image\\\/\"},\"sameAs\":[\"https:\\\/\\\/www.facebook.com\\\/oceanvacances\\\/\",\"https:\\\/\\\/www.youtube.com\\\/@Campaldia\",\"https:\\\/\\\/www.instagram.com\\\/campingoceanvacances\\\/\"]},{\"@type\":\"Person\",\"@id\":\"https:\\\/\\\/www.oceanvacances.com\\\/#\\\/schema\\\/person\\\/4d3ca0e4558571a23fefb754071884c8\",\"name\":\"sophie\"}]}<\/script>\n<!-- \/ Yoast SEO plugin. -->","yoast_head_json":{"title":"Besuchen Sie den Leuchtturm von La Coubre in Tremblade an der Girondem\u00fcndungd","robots":{"index":"index","follow":"follow","max-snippet":"max-snippet:-1","max-image-preview":"max-image-preview:large","max-video-preview":"max-video-preview:-1"},"canonical":"https:\/\/www.oceanvacances.com\/de\/der-leuchtturm-von-la-coubre\/","og_locale":"de_DE","og_type":"article","og_title":"Visiter le phare de la Coubre \u00e0 Tremblade dans l'estuaire de la Gironed","og_description":"A moins de 30 km d\u2019Oc\u00e9an Vacances, venez d\u00e9couvrir le Phare de La Coubre, \u00e0 Tremblade, au nord de l\u2019estuaire de la Gironde. D\u2019une hauteur de 64 m\u00e8tres, c\u2019est le plus grand phare du pays charentais. Montez plusieurs centaines de marches de cet \u00e9difice class\u00e9 monument historique depuis 2011 pour arriver en haut et ainsi...","og_url":"https:\/\/www.oceanvacances.com\/de\/der-leuchtturm-von-la-coubre\/","og_site_name":"Oc\u00e9an Vacances","article_publisher":"https:\/\/www.facebook.com\/oceanvacances\/","article_published_time":"2020-06-09T15:08:45+00:00","article_modified_time":"2025-11-21T11:09:26+00:00","og_image":[{"width":1000,"height":350,"url":"https:\/\/www.oceanvacances.com\/wp-content\/uploads\/2020\/06\/phare-de-la-coubre.jpg","type":"image\/jpeg"}],"author":"sophie","twitter_card":"summary_large_image","twitter_misc":{"Verfasst von":"sophie","Gesch\u00e4tzte Lesezeit":"3\u00a0Minuten"},"schema":{"@context":"https:\/\/schema.org","@graph":[{"@type":"Article","@id":"https:\/\/www.oceanvacances.com\/le-phare-de-la-coubre\/#article","isPartOf":{"@id":"https:\/\/www.oceanvacances.com\/le-phare-de-la-coubre\/"},"author":{"name":"sophie","@id":"https:\/\/www.oceanvacances.com\/#\/schema\/person\/4d3ca0e4558571a23fefb754071884c8"},"headline":"Le Phare de La Coubre : un monument maritime d\u2019exception","datePublished":"2020-06-09T15:08:45+00:00","dateModified":"2025-11-21T11:09:26+00:00","mainEntityOfPage":{"@id":"https:\/\/www.oceanvacances.com\/le-phare-de-la-coubre\/"},"wordCount":439,"publisher":{"@id":"https:\/\/www.oceanvacances.com\/#organization"},"image":{"@id":"https:\/\/www.oceanvacances.com\/le-phare-de-la-coubre\/#primaryimage"},"thumbnailUrl":"https:\/\/www.oceanvacances.com\/wp-content\/uploads\/2020\/06\/phare-de-la-coubre.jpg","articleSection":["Blog"],"inLanguage":"de"},{"@type":"WebPage","@id":"https:\/\/www.oceanvacances.com\/le-phare-de-la-coubre\/","url":"https:\/\/www.oceanvacances.com\/le-phare-de-la-coubre\/","name":"Besuchen Sie den Leuchtturm von La Coubre in Tremblade an der Girondem\u00fcndungd","isPartOf":{"@id":"https:\/\/www.oceanvacances.com\/#website"},"primaryImageOfPage":{"@id":"https:\/\/www.oceanvacances.com\/le-phare-de-la-coubre\/#primaryimage"},"image":{"@id":"https:\/\/www.oceanvacances.com\/le-phare-de-la-coubre\/#primaryimage"},"thumbnailUrl":"https:\/\/www.oceanvacances.com\/wp-content\/uploads\/2020\/06\/phare-de-la-coubre.jpg","datePublished":"2020-06-09T15:08:45+00:00","dateModified":"2025-11-21T11:09:26+00:00","breadcrumb":{"@id":"https:\/\/www.oceanvacances.com\/le-phare-de-la-coubre\/#breadcrumb"},"inLanguage":"de","potentialAction":[{"@type":"ReadAction","target":["https:\/\/www.oceanvacances.com\/le-phare-de-la-coubre\/"]}]},{"@type":"ImageObject","inLanguage":"de","@id":"https:\/\/www.oceanvacances.com\/le-phare-de-la-coubre\/#primaryimage","url":"https:\/\/www.oceanvacances.com\/wp-content\/uploads\/2020\/06\/phare-de-la-coubre.jpg","contentUrl":"https:\/\/www.oceanvacances.com\/wp-content\/uploads\/2020\/06\/phare-de-la-coubre.jpg","width":1000,"height":350,"caption":"Le Phare De La Coubre"},{"@type":"BreadcrumbList","@id":"https:\/\/www.oceanvacances.com\/le-phare-de-la-coubre\/#breadcrumb","itemListElement":[{"@type":"ListItem","position":1,"name":"Home","item":"https:\/\/www.oceanvacances.com\/"},{"@type":"ListItem","position":2,"name":"Le phare de la Coubre \u00e0 Tremblade"}]},{"@type":"WebSite","@id":"https:\/\/www.oceanvacances.com\/#website","url":"https:\/\/www.oceanvacances.com\/","name":"Ocean Vacances","description":"Ihr Feriendorf in der N\u00e4he von Royan","publisher":{"@id":"https:\/\/www.oceanvacances.com\/#organization"},"alternateName":"Camping les Embruns d'Ol\u00e9ron","potentialAction":[{"@type":"SearchAction","target":{"@type":"EntryPoint","urlTemplate":"https:\/\/www.oceanvacances.com\/?s={search_term_string}"},"query-input":{"@type":"PropertyValueSpecification","valueRequired":true,"valueName":"search_term_string"}}],"inLanguage":"de"},{"@type":"Organization","@id":"https:\/\/www.oceanvacances.com\/#organization","name":"Ocean Vacances","url":"https:\/\/www.oceanvacances.com\/","logo":{"@type":"ImageObject","inLanguage":"de","@id":"https:\/\/www.oceanvacances.com\/#\/schema\/logo\/image\/","url":"https:\/\/www.oceanvacances.com\/wp-content\/uploads\/2025\/10\/ocean-vacances-logo-color.svg","contentUrl":"https:\/\/www.oceanvacances.com\/wp-content\/uploads\/2025\/10\/ocean-vacances-logo-color.svg","width":457,"height":201,"caption":"Oc\u00e9an Vacances"},"image":{"@id":"https:\/\/www.oceanvacances.com\/#\/schema\/logo\/image\/"},"sameAs":["https:\/\/www.facebook.com\/oceanvacances\/","https:\/\/www.youtube.com\/@Campaldia","https:\/\/www.instagram.com\/campingoceanvacances\/"]},{"@type":"Person","@id":"https:\/\/www.oceanvacances.com\/#\/schema\/person\/4d3ca0e4558571a23fefb754071884c8","name":"sophie"}]}},"_links":{"self":[{"href":"https:\/\/www.oceanvacances.com\/de\/wp-json\/wp\/v2\/posts\/3598","targetHints":{"allow":["GET"]}}],"collection":[{"href":"https:\/\/www.oceanvacances.com\/de\/wp-json\/wp\/v2\/posts"}],"about":[{"href":"https:\/\/www.oceanvacances.com\/de\/wp-json\/wp\/v2\/types\/post"}],"author":[{"embeddable":true,"href":"https:\/\/www.oceanvacances.com\/de\/wp-json\/wp\/v2\/users\/11"}],"replies":[{"embeddable":true,"href":"https:\/\/www.oceanvacances.com\/de\/wp-json\/wp\/v2\/comments?post=3598"}],"version-history":[{"count":1,"href":"https:\/\/www.oceanvacances.com\/de\/wp-json\/wp\/v2\/posts\/3598\/revisions"}],"predecessor-version":[{"id":9023,"href":"https:\/\/www.oceanvacances.com\/de\/wp-json\/wp\/v2\/posts\/3598\/revisions\/9023"}],"wp:featuredmedia":[{"embeddable":true,"href":"https:\/\/www.oceanvacances.com\/de\/wp-json\/wp\/v2\/media\/3613"}],"wp:attachment":[{"href":"https:\/\/www.oceanvacances.com\/de\/wp-json\/wp\/v2\/media?parent=3598"}],"wp:term":[{"taxonomy":"category","embeddable":true,"href":"https:\/\/www.oceanvacances.com\/de\/wp-json\/wp\/v2\/categories?post=3598"},{"taxonomy":"post_tag","embeddable":true,"href":"https:\/\/www.oceanvacances.com\/de\/wp-json\/wp\/v2\/tags?post=3598"}],"curies":[{"name":"wp","href":"https:\/\/api.w.org\/{rel}","templated":true}]}}